{"id":6470,"date":"2024-11-22T21:05:11","date_gmt":"2024-11-22T20:05:11","guid":{"rendered":"https:\/\/wgphoto.pl\/t\/?p=6470"},"modified":"2024-11-22T21:05:11","modified_gmt":"2024-11-22T20:05:11","slug":"na-straganie-w-dzien-targowy","status":"publish","type":"post","link":"https:\/\/wgphoto.pl\/t\/?p=6470","title":{"rendered":"Na straganie w dzie\u0144 targowy"},"content":{"rendered":"\n<figure class=\"wp-block-image aligncenter size-full\"><img loading=\"lazy\" decoding=\"async\" width=\"1300\" height=\"861\" src=\"https:\/\/wgphoto.pl\/t\/wp-content\/uploads\/2024\/11\/IMGP1452.jpg\" alt=\"\" class=\"wp-image-6471\" srcset=\"https:\/\/wgphoto.pl\/t\/wp-content\/uploads\/2024\/11\/IMGP1452.jpg 1300w, https:\/\/wgphoto.pl\/t\/wp-content\/uploads\/2024\/11\/IMGP1452-300x199.jpg 300w, https:\/\/wgphoto.pl\/t\/wp-content\/uploads\/2024\/11\/IMGP1452-768x509.jpg 768w\" sizes=\"auto, (max-width: 1300px) 100vw, 1300px\" \/><\/figure>\n\n\n\n<div class=\"wp-block-group has-global-padding is-layout-constrained wp-block-group-is-layout-constrained\">\n<p>Lipsk, Lindenauer Markt, sk\u0142ad prowadzony wagonem T4D-M1 2137 mija t\u0119tni\u0105ce \u017cyciem stragany. Trafi\u0142em chyba na jaki\u015b dzie\u0144 targowy. 03.05.2017<\/p>\n<\/div>\n","protected":false},"excerpt":{"rendered":"<p>Lipsk, Lindenauer Markt, sk\u0142ad prowadzony wagonem T4D-M1 2137 mija t\u0119tni\u0105ce \u017cyciem stragany. Trafi\u0142em chyba na jaki\u015b dzie\u0144 targowy. 03.05.2017<\/p>\n","protected":false},"author":1,"featured_media":6471,"comment_status":"open","ping_status":"","sticky":false,"template":"","format":"standard","meta":{"footnotes":""},"categories":[368,3],"tags":[1181,1180,1179,787,23,1112],"class_list":["post-6470","post","type-post","status-publish","format-standard","has-post-thumbnail","hentry","category-rok-2017","category-tramwaj","tag-2017-05-03","tag-lipsk","tag-lvb-leipzig","tag-majowka-2017-2","tag-niemcy","tag-tatra-t4"],"_links":{"self":[{"href":"https:\/\/wgphoto.pl\/t\/index.php?rest_route=\/wp\/v2\/posts\/6470","targetHints":{"allow":["GET"]}}],"collection":[{"href":"https:\/\/wgphoto.pl\/t\/index.php?rest_route=\/wp\/v2\/posts"}],"about":[{"href":"https:\/\/wgphoto.pl\/t\/index.php?rest_route=\/wp\/v2\/types\/post"}],"author":[{"embeddable":true,"href":"https:\/\/wgphoto.pl\/t\/index.php?rest_route=\/wp\/v2\/users\/1"}],"replies":[{"embeddable":true,"href":"https:\/\/wgphoto.pl\/t\/index.php?rest_route=%2Fwp%2Fv2%2Fcomments&post=6470"}],"version-history":[{"count":1,"href":"https:\/\/wgphoto.pl\/t\/index.php?rest_route=\/wp\/v2\/posts\/6470\/revisions"}],"predecessor-version":[{"id":6472,"href":"https:\/\/wgphoto.pl\/t\/index.php?rest_route=\/wp\/v2\/posts\/6470\/revisions\/6472"}],"wp:featuredmedia":[{"embeddable":true,"href":"https:\/\/wgphoto.pl\/t\/index.php?rest_route=\/wp\/v2\/media\/6471"}],"wp:attachment":[{"href":"https:\/\/wgphoto.pl\/t\/index.php?rest_route=%2Fwp%2Fv2%2Fmedia&parent=6470"}],"wp:term":[{"taxonomy":"category","embeddable":true,"href":"https:\/\/wgphoto.pl\/t\/index.php?rest_route=%2Fwp%2Fv2%2Fcategories&post=6470"},{"taxonomy":"post_tag","embeddable":true,"href":"https:\/\/wgphoto.pl\/t\/index.php?rest_route=%2Fwp%2Fv2%2Ftags&post=6470"}],"curies":[{"name":"wp","href":"https:\/\/api.w.org\/{rel}","templated":true}]}}