{"id":6473,"date":"2024-11-22T21:06:15","date_gmt":"2024-11-22T20:06:15","guid":{"rendered":"https:\/\/wgphoto.pl\/t\/?p=6473"},"modified":"2024-11-22T21:06:15","modified_gmt":"2024-11-22T20:06:15","slug":"cien-wielkiej-gory","status":"publish","type":"post","link":"https:\/\/wgphoto.pl\/t\/?p=6473","title":{"rendered":"Cie\u0144 wielkiej g\u00f3ry"},"content":{"rendered":"\n<figure class=\"wp-block-image aligncenter size-full\"><img loading=\"lazy\" decoding=\"async\" width=\"1300\" height=\"870\" src=\"https:\/\/wgphoto.pl\/t\/wp-content\/uploads\/2024\/11\/IMGP0016-1.jpg\" alt=\"\" class=\"wp-image-6475\" srcset=\"https:\/\/wgphoto.pl\/t\/wp-content\/uploads\/2024\/11\/IMGP0016-1.jpg 1300w, https:\/\/wgphoto.pl\/t\/wp-content\/uploads\/2024\/11\/IMGP0016-1-300x201.jpg 300w, https:\/\/wgphoto.pl\/t\/wp-content\/uploads\/2024\/11\/IMGP0016-1-768x514.jpg 768w\" sizes=\"auto, (max-width: 1300px) 100vw, 1300px\" \/><\/figure>\n\n\n\n<div class=\"wp-block-group has-global-padding is-layout-constrained wp-block-group-is-layout-constrained\">\n<p>Nurek 754.065-1 za d\u0142u\u017csz\u0105 chwil\u0119 odjedzie ze stacji Jesen\u00edk z rychlikiem 906 do Brna. Obok stoi wagon motorowy 831.110-2, a nad kadrem g\u00f3ruje szczyt Zlat\u00fd Chlum (891 m n.p.m.). 01.04.2011<\/p>\n<\/div>\n","protected":false},"excerpt":{"rendered":"<p>Nurek 754.065-1 za d\u0142u\u017csz\u0105 chwil\u0119 odjedzie ze stacji Jesen\u00edk z rychlikiem 906 do Brna. Obok stoi wagon motorowy 831.110-2, a nad kadrem g\u00f3ruje szczyt Zlat\u00fd Chlum (891 m n.p.m.). 01.04.2011<\/p>\n","protected":false},"author":1,"featured_media":6475,"comment_status":"open","ping_status":"","sticky":false,"template":"","format":"standard","meta":{"footnotes":""},"categories":[2,77],"tags":[2375,335,2377,50,49,114,2376,167],"class_list":["post-6473","post","type-post","status-publish","format-standard","has-post-thumbnail","hentry","category-kolej","category-rok-2011","tag-2011-04-01","tag-335","tag-2377","tag-cd","tag-czechy","tag-gory","tag-jesenik","tag-tab-cz292"],"_links":{"self":[{"href":"https:\/\/wgphoto.pl\/t\/index.php?rest_route=\/wp\/v2\/posts\/6473","targetHints":{"allow":["GET"]}}],"collection":[{"href":"https:\/\/wgphoto.pl\/t\/index.php?rest_route=\/wp\/v2\/posts"}],"about":[{"href":"https:\/\/wgphoto.pl\/t\/index.php?rest_route=\/wp\/v2\/types\/post"}],"author":[{"embeddable":true,"href":"https:\/\/wgphoto.pl\/t\/index.php?rest_route=\/wp\/v2\/users\/1"}],"replies":[{"embeddable":true,"href":"https:\/\/wgphoto.pl\/t\/index.php?rest_route=%2Fwp%2Fv2%2Fcomments&post=6473"}],"version-history":[{"count":1,"href":"https:\/\/wgphoto.pl\/t\/index.php?rest_route=\/wp\/v2\/posts\/6473\/revisions"}],"predecessor-version":[{"id":6476,"href":"https:\/\/wgphoto.pl\/t\/index.php?rest_route=\/wp\/v2\/posts\/6473\/revisions\/6476"}],"wp:featuredmedia":[{"embeddable":true,"href":"https:\/\/wgphoto.pl\/t\/index.php?rest_route=\/wp\/v2\/media\/6475"}],"wp:attachment":[{"href":"https:\/\/wgphoto.pl\/t\/index.php?rest_route=%2Fwp%2Fv2%2Fmedia&parent=6473"}],"wp:term":[{"taxonomy":"category","embeddable":true,"href":"https:\/\/wgphoto.pl\/t\/index.php?rest_route=%2Fwp%2Fv2%2Fcategories&post=6473"},{"taxonomy":"post_tag","embeddable":true,"href":"https:\/\/wgphoto.pl\/t\/index.php?rest_route=%2Fwp%2Fv2%2Ftags&post=6473"}],"curies":[{"name":"wp","href":"https:\/\/api.w.org\/{rel}","templated":true}]}}