{"id":6477,"date":"2024-11-22T21:07:28","date_gmt":"2024-11-22T20:07:28","guid":{"rendered":"https:\/\/wgphoto.pl\/t\/?p=6477"},"modified":"2024-11-22T21:07:28","modified_gmt":"2024-11-22T20:07:28","slug":"szyny-byl-dobre","status":"publish","type":"post","link":"https:\/\/wgphoto.pl\/t\/?p=6477","title":{"rendered":"Szyny by\u0142 dobre"},"content":{"rendered":"\n<figure class=\"wp-block-image aligncenter size-full\"><img loading=\"lazy\" decoding=\"async\" width=\"1300\" height=\"861\" src=\"https:\/\/wgphoto.pl\/t\/wp-content\/uploads\/2024\/11\/IMGP0835.jpg\" alt=\"\" class=\"wp-image-6478\" srcset=\"https:\/\/wgphoto.pl\/t\/wp-content\/uploads\/2024\/11\/IMGP0835.jpg 1300w, https:\/\/wgphoto.pl\/t\/wp-content\/uploads\/2024\/11\/IMGP0835-300x199.jpg 300w, https:\/\/wgphoto.pl\/t\/wp-content\/uploads\/2024\/11\/IMGP0835-768x509.jpg 768w\" sizes=\"auto, (max-width: 1300px) 100vw, 1300px\" \/><\/figure>\n\n\n\n<div class=\"wp-block-group has-global-padding is-layout-constrained wp-block-group-is-layout-constrained\">\n<p>\u2026podobnie jak wieczorne \u015bwiat\u0142o oraz lokomotywa, czerwonych <em>plechaczy<\/em> za wiele ju\u017c bowiem w ruchu nie ma. Maszyna nr 242.207-9 za p\u00f3\u0142 godziny odjedzie z Jind\u0159ichova Hradca z poci\u0105giem osobowym 8323 do Vesel\u00ed nad Lu\u017enic\u00ed. 23.09.2020<\/p>\n<\/div>\n","protected":false},"excerpt":{"rendered":"<p>\u2026podobnie jak wieczorne \u015bwiat\u0142o oraz lokomotywa, czerwonych plechaczy za wiele ju\u017c bowiem w ruchu nie ma. Maszyna nr 242.207-9 za p\u00f3\u0142 godziny odjedzie z Jind\u0159ichova Hradca z poci\u0105giem osobowym 8323 do Vesel\u00ed nad Lu\u017enic\u00ed. 23.09.2020<\/p>\n","protected":false},"author":1,"featured_media":6478,"comment_status":"open","ping_status":"","sticky":false,"template":"","format":"standard","meta":{"footnotes":""},"categories":[2,676],"tags":[2134,305,91,50,49,2003,1898,1829,90],"class_list":["post-6477","post","type-post","status-publish","format-standard","has-post-thumbnail","hentry","category-kolej","category-rok-2020","tag-2020-09-23","tag-305","tag-blue-hour","tag-cd","tag-czechy","tag-czeskie-wakacje-2020","tag-jindrichuv-hradec","tag-tab-cz225","tag-wieczorem"],"_links":{"self":[{"href":"https:\/\/wgphoto.pl\/t\/index.php?rest_route=\/wp\/v2\/posts\/6477","targetHints":{"allow":["GET"]}}],"collection":[{"href":"https:\/\/wgphoto.pl\/t\/index.php?rest_route=\/wp\/v2\/posts"}],"about":[{"href":"https:\/\/wgphoto.pl\/t\/index.php?rest_route=\/wp\/v2\/types\/post"}],"author":[{"embeddable":true,"href":"https:\/\/wgphoto.pl\/t\/index.php?rest_route=\/wp\/v2\/users\/1"}],"replies":[{"embeddable":true,"href":"https:\/\/wgphoto.pl\/t\/index.php?rest_route=%2Fwp%2Fv2%2Fcomments&post=6477"}],"version-history":[{"count":1,"href":"https:\/\/wgphoto.pl\/t\/index.php?rest_route=\/wp\/v2\/posts\/6477\/revisions"}],"predecessor-version":[{"id":6479,"href":"https:\/\/wgphoto.pl\/t\/index.php?rest_route=\/wp\/v2\/posts\/6477\/revisions\/6479"}],"wp:featuredmedia":[{"embeddable":true,"href":"https:\/\/wgphoto.pl\/t\/index.php?rest_route=\/wp\/v2\/media\/6478"}],"wp:attachment":[{"href":"https:\/\/wgphoto.pl\/t\/index.php?rest_route=%2Fwp%2Fv2%2Fmedia&parent=6477"}],"wp:term":[{"taxonomy":"category","embeddable":true,"href":"https:\/\/wgphoto.pl\/t\/index.php?rest_route=%2Fwp%2Fv2%2Fcategories&post=6477"},{"taxonomy":"post_tag","embeddable":true,"href":"https:\/\/wgphoto.pl\/t\/index.php?rest_route=%2Fwp%2Fv2%2Ftags&post=6477"}],"curies":[{"name":"wp","href":"https:\/\/api.w.org\/{rel}","templated":true}]}}