{"id":648,"date":"2024-09-30T18:40:24","date_gmt":"2024-09-30T16:40:24","guid":{"rendered":"https:\/\/wgphoto.pl\/t\/?p=648"},"modified":"2024-09-30T18:40:24","modified_gmt":"2024-09-30T16:40:24","slug":"przed-442","status":"publish","type":"post","link":"https:\/\/wgphoto.pl\/t\/?p=648","title":{"rendered":"Przed 4:42"},"content":{"rendered":"\n<figure class=\"wp-block-image aligncenter size-full\"><img loading=\"lazy\" decoding=\"async\" width=\"1200\" height=\"803\" src=\"https:\/\/wgphoto.pl\/t\/wp-content\/uploads\/2024\/09\/IMGP7845.jpg\" alt=\"\" class=\"wp-image-649\" srcset=\"https:\/\/wgphoto.pl\/t\/wp-content\/uploads\/2024\/09\/IMGP7845.jpg 1200w, https:\/\/wgphoto.pl\/t\/wp-content\/uploads\/2024\/09\/IMGP7845-300x201.jpg 300w, https:\/\/wgphoto.pl\/t\/wp-content\/uploads\/2024\/09\/IMGP7845-768x514.jpg 768w\" sizes=\"auto, (max-width: 1200px) 100vw, 1200px\" \/><\/figure>\n\n\n\n<div class=\"wp-block-group has-global-padding is-layout-constrained wp-block-group-is-layout-constrained\">\n<p>Stacja Uni\u010dov o \u015bwicie. 851 021-6 pojedzie jako pierwsza poranna osob\u00f3wka do \u0160umperka &#8211; odjazd o godzinie 4:42. 23.07.2009<\/p>\n<\/div>\n","protected":false},"excerpt":{"rendered":"<p>Stacja Uni\u010dov o \u015bwicie. 851 021-6 pojedzie jako pierwsza poranna osob\u00f3wka do \u0160umperka &#8211; odjazd o godzinie 4:42. 23.07.2009<\/p>\n","protected":false},"author":1,"featured_media":649,"comment_status":"open","ping_status":"","sticky":false,"template":"","format":"standard","meta":{"footnotes":""},"categories":[2,169],"tags":[287,285,91,50,49,196,176,286,284],"class_list":["post-648","post","type-post","status-publish","format-standard","has-post-thumbnail","hentry","category-kolej","category-rok-2009","tag-2009-07-23","tag-285","tag-blue-hour","tag-cd","tag-czechy","tag-linie-raczej-lokalne","tag-rano","tag-tab-cz290","tag-unicov"],"_links":{"self":[{"href":"https:\/\/wgphoto.pl\/t\/index.php?rest_route=\/wp\/v2\/posts\/648","targetHints":{"allow":["GET"]}}],"collection":[{"href":"https:\/\/wgphoto.pl\/t\/index.php?rest_route=\/wp\/v2\/posts"}],"about":[{"href":"https:\/\/wgphoto.pl\/t\/index.php?rest_route=\/wp\/v2\/types\/post"}],"author":[{"embeddable":true,"href":"https:\/\/wgphoto.pl\/t\/index.php?rest_route=\/wp\/v2\/users\/1"}],"replies":[{"embeddable":true,"href":"https:\/\/wgphoto.pl\/t\/index.php?rest_route=%2Fwp%2Fv2%2Fcomments&post=648"}],"version-history":[{"count":1,"href":"https:\/\/wgphoto.pl\/t\/index.php?rest_route=\/wp\/v2\/posts\/648\/revisions"}],"predecessor-version":[{"id":650,"href":"https:\/\/wgphoto.pl\/t\/index.php?rest_route=\/wp\/v2\/posts\/648\/revisions\/650"}],"wp:featuredmedia":[{"embeddable":true,"href":"https:\/\/wgphoto.pl\/t\/index.php?rest_route=\/wp\/v2\/media\/649"}],"wp:attachment":[{"href":"https:\/\/wgphoto.pl\/t\/index.php?rest_route=%2Fwp%2Fv2%2Fmedia&parent=648"}],"wp:term":[{"taxonomy":"category","embeddable":true,"href":"https:\/\/wgphoto.pl\/t\/index.php?rest_route=%2Fwp%2Fv2%2Fcategories&post=648"},{"taxonomy":"post_tag","embeddable":true,"href":"https:\/\/wgphoto.pl\/t\/index.php?rest_route=%2Fwp%2Fv2%2Ftags&post=648"}],"curies":[{"name":"wp","href":"https:\/\/api.w.org\/{rel}","templated":true}]}}