{"id":6486,"date":"2024-11-24T14:26:39","date_gmt":"2024-11-24T13:26:39","guid":{"rendered":"https:\/\/wgphoto.pl\/t\/?p=6486"},"modified":"2025-12-21T20:31:24","modified_gmt":"2025-12-21T19:31:24","slug":"z-blyskiem-w-oku","status":"publish","type":"post","link":"https:\/\/wgphoto.pl\/t\/?p=6486","title":{"rendered":"Z b\u0142yskiem w oku"},"content":{"rendered":"\n<figure class=\"wp-block-image aligncenter size-full\"><img loading=\"lazy\" decoding=\"async\" width=\"1300\" height=\"861\" src=\"https:\/\/wgphoto.pl\/t\/wp-content\/uploads\/2024\/11\/IMGP1697.jpg\" alt=\"\" class=\"wp-image-6487\" srcset=\"https:\/\/wgphoto.pl\/t\/wp-content\/uploads\/2024\/11\/IMGP1697.jpg 1300w, https:\/\/wgphoto.pl\/t\/wp-content\/uploads\/2024\/11\/IMGP1697-300x199.jpg 300w, https:\/\/wgphoto.pl\/t\/wp-content\/uploads\/2024\/11\/IMGP1697-768x509.jpg 768w\" sizes=\"auto, (max-width: 1300px) 100vw, 1300px\" \/><\/figure>\n\n\n\n<div class=\"wp-block-group has-global-padding is-layout-constrained wp-block-group-is-layout-constrained\">\n<p>Wroc\u0142awski Moderus Beta MF19AC 2813 i most Zwierzyniecki z nieco bardziej niestandardowej perspektywy. Poprawi\u0142bym to ch\u0119tnie w lepszym \u015bwietle, ale ju\u017c nawet takiego efektu nie mog\u0142em sobie odm\u00f3wi\u0107. 27.03.2021<\/p>\n<\/div>\n","protected":false},"excerpt":{"rendered":"<p>Wroc\u0142awski Moderus Beta MF19AC 2813 i most Zwierzyniecki z nieco bardziej niestandardowej perspektywy. Poprawi\u0142bym to ch\u0119tnie w lepszym \u015bwietle, ale ju\u017c nawet takiego efektu nie mog\u0142em sobie odm\u00f3wi\u0107. 27.03.2021<\/p>\n","protected":false},"author":1,"featured_media":6487,"comment_status":"open","ping_status":"","sticky":false,"template":"","format":"standard","meta":{"footnotes":""},"categories":[681,3],"tags":[2380,395,4603,501,45,42,27,41],"class_list":["post-6486","post","type-post","status-publish","format-standard","has-post-thumbnail","hentry","category-rok-2021","category-tramwaj","tag-2021-03-27","tag-lustro","tag-mf19ac","tag-moderus-beta","tag-most","tag-mpk-wroclaw","tag-polska","tag-wroclaw"],"_links":{"self":[{"href":"https:\/\/wgphoto.pl\/t\/index.php?rest_route=\/wp\/v2\/posts\/6486","targetHints":{"allow":["GET"]}}],"collection":[{"href":"https:\/\/wgphoto.pl\/t\/index.php?rest_route=\/wp\/v2\/posts"}],"about":[{"href":"https:\/\/wgphoto.pl\/t\/index.php?rest_route=\/wp\/v2\/types\/post"}],"author":[{"embeddable":true,"href":"https:\/\/wgphoto.pl\/t\/index.php?rest_route=\/wp\/v2\/users\/1"}],"replies":[{"embeddable":true,"href":"https:\/\/wgphoto.pl\/t\/index.php?rest_route=%2Fwp%2Fv2%2Fcomments&post=6486"}],"version-history":[{"count":1,"href":"https:\/\/wgphoto.pl\/t\/index.php?rest_route=\/wp\/v2\/posts\/6486\/revisions"}],"predecessor-version":[{"id":6488,"href":"https:\/\/wgphoto.pl\/t\/index.php?rest_route=\/wp\/v2\/posts\/6486\/revisions\/6488"}],"wp:featuredmedia":[{"embeddable":true,"href":"https:\/\/wgphoto.pl\/t\/index.php?rest_route=\/wp\/v2\/media\/6487"}],"wp:attachment":[{"href":"https:\/\/wgphoto.pl\/t\/index.php?rest_route=%2Fwp%2Fv2%2Fmedia&parent=6486"}],"wp:term":[{"taxonomy":"category","embeddable":true,"href":"https:\/\/wgphoto.pl\/t\/index.php?rest_route=%2Fwp%2Fv2%2Fcategories&post=6486"},{"taxonomy":"post_tag","embeddable":true,"href":"https:\/\/wgphoto.pl\/t\/index.php?rest_route=%2Fwp%2Fv2%2Ftags&post=6486"}],"curies":[{"name":"wp","href":"https:\/\/api.w.org\/{rel}","templated":true}]}}