{"id":6489,"date":"2024-11-24T14:27:38","date_gmt":"2024-11-24T13:27:38","guid":{"rendered":"https:\/\/wgphoto.pl\/t\/?p=6489"},"modified":"2024-11-24T14:27:38","modified_gmt":"2024-11-24T13:27:38","slug":"leniwy-pociag","status":"publish","type":"post","link":"https:\/\/wgphoto.pl\/t\/?p=6489","title":{"rendered":"Leniwy poci\u0105g"},"content":{"rendered":"\n<figure class=\"wp-block-image aligncenter size-full\"><img loading=\"lazy\" decoding=\"async\" width=\"1300\" height=\"862\" src=\"https:\/\/wgphoto.pl\/t\/wp-content\/uploads\/2024\/11\/0609-11.jpg\" alt=\"\" class=\"wp-image-6490\" srcset=\"https:\/\/wgphoto.pl\/t\/wp-content\/uploads\/2024\/11\/0609-11.jpg 1300w, https:\/\/wgphoto.pl\/t\/wp-content\/uploads\/2024\/11\/0609-11-300x199.jpg 300w, https:\/\/wgphoto.pl\/t\/wp-content\/uploads\/2024\/11\/0609-11-768x509.jpg 768w\" sizes=\"auto, (max-width: 1300px) 100vw, 1300px\" \/><\/figure>\n\n\n\n<div class=\"wp-block-group has-global-padding is-layout-constrained wp-block-group-is-layout-constrained\">\n<p>Towarzysze wycieczki lataj\u0105 za motywami, a mnie si\u0119 z auta nie chce wysiada\u0107 w tak\u0105 pogod\u0119\u2026 SU42-502 z poci\u0105giem osobowym 9940 z Nysy do Opola G\u0142. jedzie odcinkiem Jasienica Dolna &#8211; Budziszowice, chocia\u017c zdj\u0119cie mog\u0142oby powsta\u0107 r\u00f3wnie dobrze gdziekolwiek indziej. 27.05.2006<\/p>\n<\/div>\n","protected":false},"excerpt":{"rendered":"<p>Towarzysze wycieczki lataj\u0105 za motywami, a mnie si\u0119 z auta nie chce wysiada\u0107 w tak\u0105 pogod\u0119\u2026 SU42-502 z poci\u0105giem osobowym 9940 z Nysy do Opola G\u0142. jedzie odcinkiem Jasienica Dolna &#8211; Budziszowice, chocia\u017c zdj\u0119cie mog\u0142oby powsta\u0107 r\u00f3wnie dobrze gdziekolwiek indziej. 27.05.2006<\/p>\n","protected":false},"author":1,"featured_media":6490,"comment_status":"open","ping_status":"","sticky":false,"template":"","format":"standard","meta":{"footnotes":""},"categories":[62,2,130],"tags":[1543,2382,13,2381,63,27,250,312],"class_list":["post-6489","post","type-post","status-publish","format-standard","has-post-thumbnail","hentry","category-analog","category-kolej","category-rok-2006","tag-2006-05-27","tag-budziszowice","tag-deszcz","tag-jasienica-dolna","tag-pkp","tag-polska","tag-su42","tag-tab-pl202"],"_links":{"self":[{"href":"https:\/\/wgphoto.pl\/t\/index.php?rest_route=\/wp\/v2\/posts\/6489","targetHints":{"allow":["GET"]}}],"collection":[{"href":"https:\/\/wgphoto.pl\/t\/index.php?rest_route=\/wp\/v2\/posts"}],"about":[{"href":"https:\/\/wgphoto.pl\/t\/index.php?rest_route=\/wp\/v2\/types\/post"}],"author":[{"embeddable":true,"href":"https:\/\/wgphoto.pl\/t\/index.php?rest_route=\/wp\/v2\/users\/1"}],"replies":[{"embeddable":true,"href":"https:\/\/wgphoto.pl\/t\/index.php?rest_route=%2Fwp%2Fv2%2Fcomments&post=6489"}],"version-history":[{"count":1,"href":"https:\/\/wgphoto.pl\/t\/index.php?rest_route=\/wp\/v2\/posts\/6489\/revisions"}],"predecessor-version":[{"id":6491,"href":"https:\/\/wgphoto.pl\/t\/index.php?rest_route=\/wp\/v2\/posts\/6489\/revisions\/6491"}],"wp:featuredmedia":[{"embeddable":true,"href":"https:\/\/wgphoto.pl\/t\/index.php?rest_route=\/wp\/v2\/media\/6490"}],"wp:attachment":[{"href":"https:\/\/wgphoto.pl\/t\/index.php?rest_route=%2Fwp%2Fv2%2Fmedia&parent=6489"}],"wp:term":[{"taxonomy":"category","embeddable":true,"href":"https:\/\/wgphoto.pl\/t\/index.php?rest_route=%2Fwp%2Fv2%2Fcategories&post=6489"},{"taxonomy":"post_tag","embeddable":true,"href":"https:\/\/wgphoto.pl\/t\/index.php?rest_route=%2Fwp%2Fv2%2Ftags&post=6489"}],"curies":[{"name":"wp","href":"https:\/\/api.w.org\/{rel}","templated":true}]}}