{"id":6504,"date":"2024-11-24T14:32:46","date_gmt":"2024-11-24T13:32:46","guid":{"rendered":"https:\/\/wgphoto.pl\/t\/?p=6504"},"modified":"2024-11-24T14:32:46","modified_gmt":"2024-11-24T13:32:46","slug":"jednotor-na-legnickiej","status":"publish","type":"post","link":"https:\/\/wgphoto.pl\/t\/?p=6504","title":{"rendered":"Jednotor na Legnickiej"},"content":{"rendered":"\n<figure class=\"wp-block-image aligncenter size-full\"><img loading=\"lazy\" decoding=\"async\" width=\"1300\" height=\"867\" src=\"https:\/\/wgphoto.pl\/t\/wp-content\/uploads\/2024\/11\/0711-27.jpg\" alt=\"\" class=\"wp-image-6505\" srcset=\"https:\/\/wgphoto.pl\/t\/wp-content\/uploads\/2024\/11\/0711-27.jpg 1300w, https:\/\/wgphoto.pl\/t\/wp-content\/uploads\/2024\/11\/0711-27-300x200.jpg 300w, https:\/\/wgphoto.pl\/t\/wp-content\/uploads\/2024\/11\/0711-27-768x512.jpg 768w\" sizes=\"auto, (max-width: 1300px) 100vw, 1300px\" \/><\/figure>\n\n\n\n<div class=\"wp-block-group has-global-padding is-layout-constrained wp-block-group-is-layout-constrained\">\n<p>Wroc\u0142aw, ul. Legnicka. Sk\u0142ad 105Na 2467+2438 zaraz zwolni tymczasowy jednotor spowodowany przebudow\u0105 skrzy\u017cowania ul. Legnickiej z Nied\u017awiedzi\u0105 na potrzeby powstaj\u0105cego w\u00f3wczas centrum handlowego. Na mo\u017cliwo\u015b\u0107 dalszej jazdy do Le\u015bnicy czeka zestaw 105Na 2388+2387. 18.05.2007<\/p>\n<\/div>\n","protected":false},"excerpt":{"rendered":"<p>Wroc\u0142aw, ul. Legnicka. Sk\u0142ad 105Na 2467+2438 zaraz zwolni tymczasowy jednotor spowodowany przebudow\u0105 skrzy\u017cowania ul. Legnickiej z Nied\u017awiedzi\u0105 na potrzeby powstaj\u0105cego w\u00f3wczas centrum handlowego. Na mo\u017cliwo\u015b\u0107 dalszej jazdy do Le\u015bnicy czeka zestaw 105Na 2388+2387. 18.05.2007<\/p>\n","protected":false},"author":1,"featured_media":6505,"comment_status":"open","ping_status":"","sticky":false,"template":"","format":"standard","meta":{"footnotes":""},"categories":[62,96,3],"tags":[155,2384,745,230,42,27,41],"class_list":["post-6504","post","type-post","status-publish","format-standard","has-post-thumbnail","hentry","category-analog","category-rok-2007","category-tramwaj","tag-105na","tag-2007-05-18","tag-budowa","tag-infrastruktura","tag-mpk-wroclaw","tag-polska","tag-wroclaw"],"_links":{"self":[{"href":"https:\/\/wgphoto.pl\/t\/index.php?rest_route=\/wp\/v2\/posts\/6504","targetHints":{"allow":["GET"]}}],"collection":[{"href":"https:\/\/wgphoto.pl\/t\/index.php?rest_route=\/wp\/v2\/posts"}],"about":[{"href":"https:\/\/wgphoto.pl\/t\/index.php?rest_route=\/wp\/v2\/types\/post"}],"author":[{"embeddable":true,"href":"https:\/\/wgphoto.pl\/t\/index.php?rest_route=\/wp\/v2\/users\/1"}],"replies":[{"embeddable":true,"href":"https:\/\/wgphoto.pl\/t\/index.php?rest_route=%2Fwp%2Fv2%2Fcomments&post=6504"}],"version-history":[{"count":1,"href":"https:\/\/wgphoto.pl\/t\/index.php?rest_route=\/wp\/v2\/posts\/6504\/revisions"}],"predecessor-version":[{"id":6506,"href":"https:\/\/wgphoto.pl\/t\/index.php?rest_route=\/wp\/v2\/posts\/6504\/revisions\/6506"}],"wp:featuredmedia":[{"embeddable":true,"href":"https:\/\/wgphoto.pl\/t\/index.php?rest_route=\/wp\/v2\/media\/6505"}],"wp:attachment":[{"href":"https:\/\/wgphoto.pl\/t\/index.php?rest_route=%2Fwp%2Fv2%2Fmedia&parent=6504"}],"wp:term":[{"taxonomy":"category","embeddable":true,"href":"https:\/\/wgphoto.pl\/t\/index.php?rest_route=%2Fwp%2Fv2%2Fcategories&post=6504"},{"taxonomy":"post_tag","embeddable":true,"href":"https:\/\/wgphoto.pl\/t\/index.php?rest_route=%2Fwp%2Fv2%2Ftags&post=6504"}],"curies":[{"name":"wp","href":"https:\/\/api.w.org\/{rel}","templated":true}]}}