{"id":6507,"date":"2024-11-24T14:33:45","date_gmt":"2024-11-24T13:33:45","guid":{"rendered":"https:\/\/wgphoto.pl\/t\/?p=6507"},"modified":"2024-11-24T14:33:45","modified_gmt":"2024-11-24T13:33:45","slug":"wieczorna-zmiana","status":"publish","type":"post","link":"https:\/\/wgphoto.pl\/t\/?p=6507","title":{"rendered":"Wieczorna zmiana"},"content":{"rendered":"\n<figure class=\"wp-block-image aligncenter size-full\"><img loading=\"lazy\" decoding=\"async\" width=\"1300\" height=\"870\" src=\"https:\/\/wgphoto.pl\/t\/wp-content\/uploads\/2024\/11\/IMGP4986.jpg\" alt=\"\" class=\"wp-image-6508\" srcset=\"https:\/\/wgphoto.pl\/t\/wp-content\/uploads\/2024\/11\/IMGP4986.jpg 1300w, https:\/\/wgphoto.pl\/t\/wp-content\/uploads\/2024\/11\/IMGP4986-300x201.jpg 300w, https:\/\/wgphoto.pl\/t\/wp-content\/uploads\/2024\/11\/IMGP4986-768x514.jpg 768w\" sizes=\"auto, (max-width: 1300px) 100vw, 1300px\" \/><\/figure>\n\n\n\n<div class=\"wp-block-group has-global-padding is-layout-constrained wp-block-group-is-layout-constrained\">\n<p>\u2026lokomotyw w \u0141upkowie. Bardotka 751.073-8 wraz z siostrzan\u0105 maszyn\u0105 poprowadz\u0105 poci\u0105g na S\u0142owacj\u0119, a w przeciwn\u0105 stron\u0119 pojedzie <em>Romek<\/em> ST43-227. 22.07.2010<\/p>\n<\/div>\n","protected":false},"excerpt":{"rendered":"<p>\u2026lokomotyw w \u0141upkowie. Bardotka 751.073-8 wraz z siostrzan\u0105 maszyn\u0105 poprowadz\u0105 poci\u0105g na S\u0142owacj\u0119, a w przeciwn\u0105 stron\u0119 pojedzie Romek ST43-227. 22.07.2010<\/p>\n","protected":false},"author":1,"featured_media":6508,"comment_status":"open","ping_status":"","sticky":false,"template":"","format":"standard","meta":{"footnotes":""},"categories":[2,86],"tags":[345,164,249,173,468,63,341,27,64,344,90],"class_list":["post-6507","post","type-post","status-publish","format-standard","has-post-thumbnail","hentry","category-kolej","category-rok-2010","tag-2010-07-22","tag-164","tag-goscinne-wystepy","tag-koncowki","tag-lupkow","tag-pkp","tag-podkarpacie-2010","tag-polska","tag-st43","tag-tab-pl134","tag-wieczorem"],"_links":{"self":[{"href":"https:\/\/wgphoto.pl\/t\/index.php?rest_route=\/wp\/v2\/posts\/6507","targetHints":{"allow":["GET"]}}],"collection":[{"href":"https:\/\/wgphoto.pl\/t\/index.php?rest_route=\/wp\/v2\/posts"}],"about":[{"href":"https:\/\/wgphoto.pl\/t\/index.php?rest_route=\/wp\/v2\/types\/post"}],"author":[{"embeddable":true,"href":"https:\/\/wgphoto.pl\/t\/index.php?rest_route=\/wp\/v2\/users\/1"}],"replies":[{"embeddable":true,"href":"https:\/\/wgphoto.pl\/t\/index.php?rest_route=%2Fwp%2Fv2%2Fcomments&post=6507"}],"version-history":[{"count":1,"href":"https:\/\/wgphoto.pl\/t\/index.php?rest_route=\/wp\/v2\/posts\/6507\/revisions"}],"predecessor-version":[{"id":6509,"href":"https:\/\/wgphoto.pl\/t\/index.php?rest_route=\/wp\/v2\/posts\/6507\/revisions\/6509"}],"wp:featuredmedia":[{"embeddable":true,"href":"https:\/\/wgphoto.pl\/t\/index.php?rest_route=\/wp\/v2\/media\/6508"}],"wp:attachment":[{"href":"https:\/\/wgphoto.pl\/t\/index.php?rest_route=%2Fwp%2Fv2%2Fmedia&parent=6507"}],"wp:term":[{"taxonomy":"category","embeddable":true,"href":"https:\/\/wgphoto.pl\/t\/index.php?rest_route=%2Fwp%2Fv2%2Fcategories&post=6507"},{"taxonomy":"post_tag","embeddable":true,"href":"https:\/\/wgphoto.pl\/t\/index.php?rest_route=%2Fwp%2Fv2%2Ftags&post=6507"}],"curies":[{"name":"wp","href":"https:\/\/api.w.org\/{rel}","templated":true}]}}