{"id":6528,"date":"2024-11-24T14:40:48","date_gmt":"2024-11-24T13:40:48","guid":{"rendered":"https:\/\/wgphoto.pl\/t\/?p=6528"},"modified":"2024-11-24T14:40:48","modified_gmt":"2024-11-24T13:40:48","slug":"su45-238-ostaszewo-torunskie","status":"publish","type":"post","link":"https:\/\/wgphoto.pl\/t\/?p=6528","title":{"rendered":"SU45-238, Ostaszewo Toru\u0144skie"},"content":{"rendered":"\n<figure class=\"wp-block-image aligncenter size-full\"><img loading=\"lazy\" decoding=\"async\" width=\"1300\" height=\"862\" src=\"https:\/\/wgphoto.pl\/t\/wp-content\/uploads\/2024\/11\/0510-04.jpg\" alt=\"\" class=\"wp-image-6529\" srcset=\"https:\/\/wgphoto.pl\/t\/wp-content\/uploads\/2024\/11\/0510-04.jpg 1300w, https:\/\/wgphoto.pl\/t\/wp-content\/uploads\/2024\/11\/0510-04-300x199.jpg 300w, https:\/\/wgphoto.pl\/t\/wp-content\/uploads\/2024\/11\/0510-04-768x509.jpg 768w\" sizes=\"auto, (max-width: 1300px) 100vw, 1300px\" \/><\/figure>\n\n\n\n<div class=\"wp-block-group has-global-padding is-layout-constrained wp-block-group-is-layout-constrained\">\n<p>SU45-238 z poci\u0105giem osobowym 55028 z Grudzi\u0105dza do Torunia G\u0142. oczekuje na krzy\u017cowanie z poci\u0105giem relacji przeciwnej. 03.05.2005<\/p>\n<\/div>\n","protected":false},"excerpt":{"rendered":"<p>SU45-238 z poci\u0105giem osobowym 55028 z Grudzi\u0105dza do Torunia G\u0142. oczekuje na krzy\u017cowanie z poci\u0105giem relacji przeciwnej. 03.05.2005<\/p>\n","protected":false},"author":1,"featured_media":6529,"comment_status":"open","ping_status":"","sticky":false,"template":"","format":"standard","meta":{"footnotes":""},"categories":[62,2,311],"tags":[1043,288,645,2390,63,27,290,1512],"class_list":["post-6528","post","type-post","status-publish","format-standard","has-post-thumbnail","hentry","category-analog","category-kolej","category-rok-2005","tag-2005-05-03","tag-bipa","tag-majowka-2005-2","tag-ostaszewo-torunskie","tag-pkp","tag-polska","tag-su45","tag-tab-pl415"],"_links":{"self":[{"href":"https:\/\/wgphoto.pl\/t\/index.php?rest_route=\/wp\/v2\/posts\/6528","targetHints":{"allow":["GET"]}}],"collection":[{"href":"https:\/\/wgphoto.pl\/t\/index.php?rest_route=\/wp\/v2\/posts"}],"about":[{"href":"https:\/\/wgphoto.pl\/t\/index.php?rest_route=\/wp\/v2\/types\/post"}],"author":[{"embeddable":true,"href":"https:\/\/wgphoto.pl\/t\/index.php?rest_route=\/wp\/v2\/users\/1"}],"replies":[{"embeddable":true,"href":"https:\/\/wgphoto.pl\/t\/index.php?rest_route=%2Fwp%2Fv2%2Fcomments&post=6528"}],"version-history":[{"count":1,"href":"https:\/\/wgphoto.pl\/t\/index.php?rest_route=\/wp\/v2\/posts\/6528\/revisions"}],"predecessor-version":[{"id":6530,"href":"https:\/\/wgphoto.pl\/t\/index.php?rest_route=\/wp\/v2\/posts\/6528\/revisions\/6530"}],"wp:featuredmedia":[{"embeddable":true,"href":"https:\/\/wgphoto.pl\/t\/index.php?rest_route=\/wp\/v2\/media\/6529"}],"wp:attachment":[{"href":"https:\/\/wgphoto.pl\/t\/index.php?rest_route=%2Fwp%2Fv2%2Fmedia&parent=6528"}],"wp:term":[{"taxonomy":"category","embeddable":true,"href":"https:\/\/wgphoto.pl\/t\/index.php?rest_route=%2Fwp%2Fv2%2Fcategories&post=6528"},{"taxonomy":"post_tag","embeddable":true,"href":"https:\/\/wgphoto.pl\/t\/index.php?rest_route=%2Fwp%2Fv2%2Ftags&post=6528"}],"curies":[{"name":"wp","href":"https:\/\/api.w.org\/{rel}","templated":true}]}}