{"id":6549,"date":"2024-11-24T14:49:32","date_gmt":"2024-11-24T13:49:32","guid":{"rendered":"https:\/\/wgphoto.pl\/t\/?p=6549"},"modified":"2024-12-01T19:04:33","modified_gmt":"2024-12-01T18:04:33","slug":"musagenica","status":"publish","type":"post","link":"https:\/\/wgphoto.pl\/t\/?p=6549","title":{"rendered":"Musagenica"},"content":{"rendered":"\n<figure class=\"wp-block-image aligncenter size-full\"><img loading=\"lazy\" decoding=\"async\" width=\"1300\" height=\"861\" src=\"https:\/\/wgphoto.pl\/t\/wp-content\/uploads\/2024\/11\/IMGP5362.jpg\" alt=\"\" class=\"wp-image-6550\" srcset=\"https:\/\/wgphoto.pl\/t\/wp-content\/uploads\/2024\/11\/IMGP5362.jpg 1300w, https:\/\/wgphoto.pl\/t\/wp-content\/uploads\/2024\/11\/IMGP5362-300x199.jpg 300w, https:\/\/wgphoto.pl\/t\/wp-content\/uploads\/2024\/11\/IMGP5362-768x509.jpg 768w\" sizes=\"auto, (max-width: 1300px) 100vw, 1300px\" \/><\/figure>\n\n\n\n<div class=\"wp-block-group has-global-padding is-layout-constrained wp-block-group-is-layout-constrained\">\n<p>Zestaw wagon\u00f3w &#8222;Rusicz&#8221; nr 2010+6005+2009 (na ko\u0144cu 2009) odje\u017cd\u017ca ze stacji Musagenica w Sofii. 09.11.2017<\/p>\n<\/div>\n","protected":false},"excerpt":{"rendered":"<p>Zestaw wagon\u00f3w &#8222;Rusicz&#8221; nr 2010+6005+2009 (na ko\u0144cu 2009) odje\u017cd\u017ca ze stacji Musagenica w Sofii. 09.11.2017<\/p>\n","protected":false},"author":1,"featured_media":6550,"comment_status":"open","ping_status":"","sticky":false,"template":"","format":"standard","meta":{"footnotes":""},"categories":[4,368],"tags":[837,838,173,2490,842,2393,15,839],"class_list":["post-6549","post","type-post","status-publish","format-standard","has-post-thumbnail","hentry","category-metro","category-rok-2017","tag-2017-11-09","tag-bulgaria","tag-koncowki","tag-metropoliten-sofia","tag-sofia","tag-stacje-sofijskiego-metra","tag-tunel","tag-wakacje-2017"],"_links":{"self":[{"href":"https:\/\/wgphoto.pl\/t\/index.php?rest_route=\/wp\/v2\/posts\/6549","targetHints":{"allow":["GET"]}}],"collection":[{"href":"https:\/\/wgphoto.pl\/t\/index.php?rest_route=\/wp\/v2\/posts"}],"about":[{"href":"https:\/\/wgphoto.pl\/t\/index.php?rest_route=\/wp\/v2\/types\/post"}],"author":[{"embeddable":true,"href":"https:\/\/wgphoto.pl\/t\/index.php?rest_route=\/wp\/v2\/users\/1"}],"replies":[{"embeddable":true,"href":"https:\/\/wgphoto.pl\/t\/index.php?rest_route=%2Fwp%2Fv2%2Fcomments&post=6549"}],"version-history":[{"count":1,"href":"https:\/\/wgphoto.pl\/t\/index.php?rest_route=\/wp\/v2\/posts\/6549\/revisions"}],"predecessor-version":[{"id":6551,"href":"https:\/\/wgphoto.pl\/t\/index.php?rest_route=\/wp\/v2\/posts\/6549\/revisions\/6551"}],"wp:featuredmedia":[{"embeddable":true,"href":"https:\/\/wgphoto.pl\/t\/index.php?rest_route=\/wp\/v2\/media\/6550"}],"wp:attachment":[{"href":"https:\/\/wgphoto.pl\/t\/index.php?rest_route=%2Fwp%2Fv2%2Fmedia&parent=6549"}],"wp:term":[{"taxonomy":"category","embeddable":true,"href":"https:\/\/wgphoto.pl\/t\/index.php?rest_route=%2Fwp%2Fv2%2Fcategories&post=6549"},{"taxonomy":"post_tag","embeddable":true,"href":"https:\/\/wgphoto.pl\/t\/index.php?rest_route=%2Fwp%2Fv2%2Ftags&post=6549"}],"curies":[{"name":"wp","href":"https:\/\/api.w.org\/{rel}","templated":true}]}}