{"id":6552,"date":"2024-11-24T14:50:35","date_gmt":"2024-11-24T13:50:35","guid":{"rendered":"https:\/\/wgphoto.pl\/t\/?p=6552"},"modified":"2024-11-24T14:50:35","modified_gmt":"2024-11-24T13:50:35","slug":"kwiecien-plecien","status":"publish","type":"post","link":"https:\/\/wgphoto.pl\/t\/?p=6552","title":{"rendered":"Kwiecie\u0144 plecie\u0144"},"content":{"rendered":"\n<figure class=\"wp-block-image aligncenter size-full\"><img loading=\"lazy\" decoding=\"async\" width=\"750\" height=\"1000\" src=\"https:\/\/wgphoto.pl\/t\/wp-content\/uploads\/2024\/11\/IMGP0371.jpg\" alt=\"\" class=\"wp-image-6553\" srcset=\"https:\/\/wgphoto.pl\/t\/wp-content\/uploads\/2024\/11\/IMGP0371.jpg 750w, https:\/\/wgphoto.pl\/t\/wp-content\/uploads\/2024\/11\/IMGP0371-225x300.jpg 225w\" sizes=\"auto, (max-width: 750px) 100vw, 750px\" \/><\/figure>\n\n\n\n<div class=\"wp-block-group has-global-padding is-layout-constrained wp-block-group-is-layout-constrained\">\n<p>Poci\u0105g 7544 relacji Klatovy &#8211; \u017delezn\u00e1 Ruda-Al\u017eb\u011bt\u00edn z 842.007-7 na czele za chwil\u0119 zatrzyma si\u0119 na przystanku Hojsova Str\u00e1\u017e-Br\u010d\u00e1ln\u00edk. W prognozie pogody zapowiedziano opad \u015bniegu na wysoko\u015bciach powy\u017cej 800 m n.p.m. Synoptyk niewiele si\u0119 pomyli\u0142, foto wykonano bowiem dok\u0142adnie 815 metr\u00f3w nad poziomem morza. 14.04.2011<\/p>\n<\/div>\n","protected":false},"excerpt":{"rendered":"<p>Poci\u0105g 7544 relacji Klatovy &#8211; \u017delezn\u00e1 Ruda-Al\u017eb\u011bt\u00edn z 842.007-7 na czele za chwil\u0119 zatrzyma si\u0119 na przystanku Hojsova Str\u00e1\u017e-Br\u010d\u00e1ln\u00edk. W prognozie pogody zapowiedziano opad \u015bniegu na wysoko\u015bciach powy\u017cej 800 m n.p.m. Synoptyk niewiele si\u0119 pomyli\u0142, foto wykonano bowiem dok\u0142adnie 815 metr\u00f3w nad poziomem morza. 14.04.2011<\/p>\n","protected":false},"author":1,"featured_media":6553,"comment_status":"open","ping_status":"","sticky":false,"template":"","format":"standard","meta":{"footnotes":""},"categories":[2,128,77],"tags":[456,525,50,49,2395,1186,44,522],"class_list":["post-6552","post","type-post","status-publish","format-standard","has-post-thumbnail","hentry","category-kolej","category-pionowe","category-rok-2011","tag-2011-04-14","tag-525","tag-cd","tag-czechy","tag-hojsova-straz-brcalnik-2","tag-na-wsiadanego","tag-snieg","tag-tab-cz183"],"_links":{"self":[{"href":"https:\/\/wgphoto.pl\/t\/index.php?rest_route=\/wp\/v2\/posts\/6552","targetHints":{"allow":["GET"]}}],"collection":[{"href":"https:\/\/wgphoto.pl\/t\/index.php?rest_route=\/wp\/v2\/posts"}],"about":[{"href":"https:\/\/wgphoto.pl\/t\/index.php?rest_route=\/wp\/v2\/types\/post"}],"author":[{"embeddable":true,"href":"https:\/\/wgphoto.pl\/t\/index.php?rest_route=\/wp\/v2\/users\/1"}],"replies":[{"embeddable":true,"href":"https:\/\/wgphoto.pl\/t\/index.php?rest_route=%2Fwp%2Fv2%2Fcomments&post=6552"}],"version-history":[{"count":1,"href":"https:\/\/wgphoto.pl\/t\/index.php?rest_route=\/wp\/v2\/posts\/6552\/revisions"}],"predecessor-version":[{"id":6554,"href":"https:\/\/wgphoto.pl\/t\/index.php?rest_route=\/wp\/v2\/posts\/6552\/revisions\/6554"}],"wp:featuredmedia":[{"embeddable":true,"href":"https:\/\/wgphoto.pl\/t\/index.php?rest_route=\/wp\/v2\/media\/6553"}],"wp:attachment":[{"href":"https:\/\/wgphoto.pl\/t\/index.php?rest_route=%2Fwp%2Fv2%2Fmedia&parent=6552"}],"wp:term":[{"taxonomy":"category","embeddable":true,"href":"https:\/\/wgphoto.pl\/t\/index.php?rest_route=%2Fwp%2Fv2%2Fcategories&post=6552"},{"taxonomy":"post_tag","embeddable":true,"href":"https:\/\/wgphoto.pl\/t\/index.php?rest_route=%2Fwp%2Fv2%2Ftags&post=6552"}],"curies":[{"name":"wp","href":"https:\/\/api.w.org\/{rel}","templated":true}]}}