{"id":6555,"date":"2024-11-24T14:52:01","date_gmt":"2024-11-24T13:52:01","guid":{"rendered":"https:\/\/wgphoto.pl\/t\/?p=6555"},"modified":"2024-11-24T14:52:01","modified_gmt":"2024-11-24T13:52:01","slug":"dworzec-zachodni-kolejowy","status":"publish","type":"post","link":"https:\/\/wgphoto.pl\/t\/?p=6555","title":{"rendered":"Dworzec Zachodni kolejowy"},"content":{"rendered":"\n<figure class=\"wp-block-image aligncenter size-full\"><img loading=\"lazy\" decoding=\"async\" width=\"1300\" height=\"862\" src=\"https:\/\/wgphoto.pl\/t\/wp-content\/uploads\/2024\/11\/0329-18.jpg\" alt=\"\" class=\"wp-image-6556\" srcset=\"https:\/\/wgphoto.pl\/t\/wp-content\/uploads\/2024\/11\/0329-18.jpg 1300w, https:\/\/wgphoto.pl\/t\/wp-content\/uploads\/2024\/11\/0329-18-300x199.jpg 300w, https:\/\/wgphoto.pl\/t\/wp-content\/uploads\/2024\/11\/0329-18-768x509.jpg 768w\" sizes=\"auto, (max-width: 1300px) 100vw, 1300px\" \/><\/figure>\n\n\n\n<div class=\"wp-block-group has-global-padding is-layout-constrained wp-block-group-is-layout-constrained\">\n<p>W Poznaniu G\u0142\u00f3wnym dzie\u0144 jak co dzie\u0144. EU07-080 z CM Pozna\u0144 odjedzie z poci\u0105giem osobowym do 78337 Pi\u0142y G\u0142\u00f3wnej, a ED72-007 z ZPR Szczecin wykona pospieszny kurs 78103 do Koszalina. 02.08.2003<\/p>\n<\/div>\n","protected":false},"excerpt":{"rendered":"<p>W Poznaniu G\u0142\u00f3wnym dzie\u0144 jak co dzie\u0144. EU07-080 z CM Pozna\u0144 odjedzie z poci\u0105giem osobowym do 78337 Pi\u0142y G\u0142\u00f3wnej, a ED72-007 z ZPR Szczecin wykona pospieszny kurs 78103 do Koszalina. 02.08.2003<\/p>\n","protected":false},"author":1,"featured_media":6556,"comment_status":"open","ping_status":"","sticky":false,"template":"","format":"standard","meta":{"footnotes":""},"categories":[62,2,149],"tags":[1886,743,122,63,27,1767,235,224],"class_list":["post-6555","post","type-post","status-publish","format-standard","has-post-thumbnail","hentry","category-analog","category-kolej","category-rok-2003","tag-2003-08-02","tag-ed72","tag-eu07","tag-pkp","tag-polska","tag-porownania","tag-poznan","tag-poznan-glowny"],"_links":{"self":[{"href":"https:\/\/wgphoto.pl\/t\/index.php?rest_route=\/wp\/v2\/posts\/6555","targetHints":{"allow":["GET"]}}],"collection":[{"href":"https:\/\/wgphoto.pl\/t\/index.php?rest_route=\/wp\/v2\/posts"}],"about":[{"href":"https:\/\/wgphoto.pl\/t\/index.php?rest_route=\/wp\/v2\/types\/post"}],"author":[{"embeddable":true,"href":"https:\/\/wgphoto.pl\/t\/index.php?rest_route=\/wp\/v2\/users\/1"}],"replies":[{"embeddable":true,"href":"https:\/\/wgphoto.pl\/t\/index.php?rest_route=%2Fwp%2Fv2%2Fcomments&post=6555"}],"version-history":[{"count":1,"href":"https:\/\/wgphoto.pl\/t\/index.php?rest_route=\/wp\/v2\/posts\/6555\/revisions"}],"predecessor-version":[{"id":6557,"href":"https:\/\/wgphoto.pl\/t\/index.php?rest_route=\/wp\/v2\/posts\/6555\/revisions\/6557"}],"wp:featuredmedia":[{"embeddable":true,"href":"https:\/\/wgphoto.pl\/t\/index.php?rest_route=\/wp\/v2\/media\/6556"}],"wp:attachment":[{"href":"https:\/\/wgphoto.pl\/t\/index.php?rest_route=%2Fwp%2Fv2%2Fmedia&parent=6555"}],"wp:term":[{"taxonomy":"category","embeddable":true,"href":"https:\/\/wgphoto.pl\/t\/index.php?rest_route=%2Fwp%2Fv2%2Fcategories&post=6555"},{"taxonomy":"post_tag","embeddable":true,"href":"https:\/\/wgphoto.pl\/t\/index.php?rest_route=%2Fwp%2Fv2%2Ftags&post=6555"}],"curies":[{"name":"wp","href":"https:\/\/api.w.org\/{rel}","templated":true}]}}