{"id":6558,"date":"2024-11-24T14:52:57","date_gmt":"2024-11-24T13:52:57","guid":{"rendered":"https:\/\/wgphoto.pl\/t\/?p=6558"},"modified":"2024-11-24T14:52:57","modified_gmt":"2024-11-24T13:52:57","slug":"dworzec-zachodni-tramwajowy","status":"publish","type":"post","link":"https:\/\/wgphoto.pl\/t\/?p=6558","title":{"rendered":"Dworzec Zachodni tramwajowy"},"content":{"rendered":"\n<figure class=\"wp-block-image aligncenter size-full\"><img loading=\"lazy\" decoding=\"async\" width=\"1300\" height=\"861\" src=\"https:\/\/wgphoto.pl\/t\/wp-content\/uploads\/2024\/11\/IMGP2104.jpg\" alt=\"\" class=\"wp-image-6559\" srcset=\"https:\/\/wgphoto.pl\/t\/wp-content\/uploads\/2024\/11\/IMGP2104.jpg 1300w, https:\/\/wgphoto.pl\/t\/wp-content\/uploads\/2024\/11\/IMGP2104-300x199.jpg 300w, https:\/\/wgphoto.pl\/t\/wp-content\/uploads\/2024\/11\/IMGP2104-768x509.jpg 768w\" sizes=\"auto, (max-width: 1300px) 100vw, 1300px\" \/><\/figure>\n\n\n\n<div class=\"wp-block-group has-global-padding is-layout-constrained wp-block-group-is-layout-constrained\">\n<p>Moderus Gamma LF02AC nr 603 wystartowa\u0142 z przystanku przy Dworcu Zachodnim w Poznaniu. W 2013 roku jeden z peron\u00f3w dworca g\u0142\u00f3wnego (6 czy 7?), przyleg\u0142y do budynku Dworca Zachodniego, zamieniono na tras\u0119 tramwajow\u0105. Dzi\u0119ki temu bezkolizyjna trasa z Osiedla Sobieskiego dotar\u0142a pod sam dworzec. 24.04.2021<\/p>\n<\/div>\n","protected":false},"excerpt":{"rendered":"<p>Moderus Gamma LF02AC nr 603 wystartowa\u0142 z przystanku przy Dworcu Zachodnim w Poznaniu. W 2013 roku jeden z peron\u00f3w dworca g\u0142\u00f3wnego (6 czy 7?), przyleg\u0142y do budynku Dworca Zachodniego, zamieniono na tras\u0119 tramwajow\u0105. Dzi\u0119ki temu bezkolizyjna trasa z Osiedla Sobieskiego dotar\u0142a pod sam dworzec. 24.04.2021<\/p>\n","protected":false},"author":1,"featured_media":6559,"comment_status":"open","ping_status":"","sticky":false,"template":"","format":"standard","meta":{"footnotes":""},"categories":[681,3],"tags":[2396,240,236,27,1767,235,176],"class_list":["post-6558","post","type-post","status-publish","format-standard","has-post-thumbnail","hentry","category-rok-2021","category-tramwaj","tag-2021-04-24","tag-moderus-gamma","tag-mpk-poznan","tag-polska","tag-porownania","tag-poznan","tag-rano"],"_links":{"self":[{"href":"https:\/\/wgphoto.pl\/t\/index.php?rest_route=\/wp\/v2\/posts\/6558","targetHints":{"allow":["GET"]}}],"collection":[{"href":"https:\/\/wgphoto.pl\/t\/index.php?rest_route=\/wp\/v2\/posts"}],"about":[{"href":"https:\/\/wgphoto.pl\/t\/index.php?rest_route=\/wp\/v2\/types\/post"}],"author":[{"embeddable":true,"href":"https:\/\/wgphoto.pl\/t\/index.php?rest_route=\/wp\/v2\/users\/1"}],"replies":[{"embeddable":true,"href":"https:\/\/wgphoto.pl\/t\/index.php?rest_route=%2Fwp%2Fv2%2Fcomments&post=6558"}],"version-history":[{"count":1,"href":"https:\/\/wgphoto.pl\/t\/index.php?rest_route=\/wp\/v2\/posts\/6558\/revisions"}],"predecessor-version":[{"id":6560,"href":"https:\/\/wgphoto.pl\/t\/index.php?rest_route=\/wp\/v2\/posts\/6558\/revisions\/6560"}],"wp:featuredmedia":[{"embeddable":true,"href":"https:\/\/wgphoto.pl\/t\/index.php?rest_route=\/wp\/v2\/media\/6559"}],"wp:attachment":[{"href":"https:\/\/wgphoto.pl\/t\/index.php?rest_route=%2Fwp%2Fv2%2Fmedia&parent=6558"}],"wp:term":[{"taxonomy":"category","embeddable":true,"href":"https:\/\/wgphoto.pl\/t\/index.php?rest_route=%2Fwp%2Fv2%2Fcategories&post=6558"},{"taxonomy":"post_tag","embeddable":true,"href":"https:\/\/wgphoto.pl\/t\/index.php?rest_route=%2Fwp%2Fv2%2Ftags&post=6558"}],"curies":[{"name":"wp","href":"https:\/\/api.w.org\/{rel}","templated":true}]}}