{"id":6561,"date":"2024-11-24T14:53:54","date_gmt":"2024-11-24T13:53:54","guid":{"rendered":"https:\/\/wgphoto.pl\/t\/?p=6561"},"modified":"2024-11-24T14:53:54","modified_gmt":"2024-11-24T13:53:54","slug":"kto-nie-wstaje-rano-ten-nie-ma-dobrych-zdjec","status":"publish","type":"post","link":"https:\/\/wgphoto.pl\/t\/?p=6561","title":{"rendered":"Kto nie wstaje rano, ten nie ma dobrych zdj\u0119\u0107"},"content":{"rendered":"\n<figure class=\"wp-block-image aligncenter size-full\"><img loading=\"lazy\" decoding=\"async\" width=\"1300\" height=\"861\" src=\"https:\/\/wgphoto.pl\/t\/wp-content\/uploads\/2024\/11\/IMGP2116.jpg\" alt=\"\" class=\"wp-image-6562\" srcset=\"https:\/\/wgphoto.pl\/t\/wp-content\/uploads\/2024\/11\/IMGP2116.jpg 1300w, https:\/\/wgphoto.pl\/t\/wp-content\/uploads\/2024\/11\/IMGP2116-300x199.jpg 300w, https:\/\/wgphoto.pl\/t\/wp-content\/uploads\/2024\/11\/IMGP2116-768x509.jpg 768w\" sizes=\"auto, (max-width: 1300px) 100vw, 1300px\" \/><\/figure>\n\n\n\n<div class=\"wp-block-group has-global-padding is-layout-constrained wp-block-group-is-layout-constrained\">\n<p>Tak rzek\u0142 napotkany nieopodal skejcik, jad\u0105cy \u015brodkiem pustej ulicy na desce i wykonuj\u0105cy z tej perspektywy swoje zdj\u0119cia. Ja natomiast na pustej ulicy G\u0142ogowskiej w Poznaniu sfotografowa\u0142em Moderusa Gamma LF02AC nr 630. W ci\u0105gu dnia, przy wi\u0119kszym ruchu ulicznym, pewnie nie by\u0142oby to takie proste. 24.04.2021<\/p>\n<\/div>\n","protected":false},"excerpt":{"rendered":"<p>Tak rzek\u0142 napotkany nieopodal skejcik, jad\u0105cy \u015brodkiem pustej ulicy na desce i wykonuj\u0105cy z tej perspektywy swoje zdj\u0119cia. Ja natomiast na pustej ulicy G\u0142ogowskiej w Poznaniu sfotografowa\u0142em Moderusa Gamma LF02AC nr 630. W ci\u0105gu dnia, przy wi\u0119kszym ruchu ulicznym, pewnie nie by\u0142oby to takie proste. 24.04.2021<\/p>\n","protected":false},"author":1,"featured_media":6562,"comment_status":"open","ping_status":"","sticky":false,"template":"","format":"standard","meta":{"footnotes":""},"categories":[681,3],"tags":[2396,34,240,236,27,235,176],"class_list":["post-6561","post","type-post","status-publish","format-standard","has-post-thumbnail","hentry","category-rok-2021","category-tramwaj","tag-2021-04-24","tag-architektura","tag-moderus-gamma","tag-mpk-poznan","tag-polska","tag-poznan","tag-rano"],"_links":{"self":[{"href":"https:\/\/wgphoto.pl\/t\/index.php?rest_route=\/wp\/v2\/posts\/6561","targetHints":{"allow":["GET"]}}],"collection":[{"href":"https:\/\/wgphoto.pl\/t\/index.php?rest_route=\/wp\/v2\/posts"}],"about":[{"href":"https:\/\/wgphoto.pl\/t\/index.php?rest_route=\/wp\/v2\/types\/post"}],"author":[{"embeddable":true,"href":"https:\/\/wgphoto.pl\/t\/index.php?rest_route=\/wp\/v2\/users\/1"}],"replies":[{"embeddable":true,"href":"https:\/\/wgphoto.pl\/t\/index.php?rest_route=%2Fwp%2Fv2%2Fcomments&post=6561"}],"version-history":[{"count":1,"href":"https:\/\/wgphoto.pl\/t\/index.php?rest_route=\/wp\/v2\/posts\/6561\/revisions"}],"predecessor-version":[{"id":6563,"href":"https:\/\/wgphoto.pl\/t\/index.php?rest_route=\/wp\/v2\/posts\/6561\/revisions\/6563"}],"wp:featuredmedia":[{"embeddable":true,"href":"https:\/\/wgphoto.pl\/t\/index.php?rest_route=\/wp\/v2\/media\/6562"}],"wp:attachment":[{"href":"https:\/\/wgphoto.pl\/t\/index.php?rest_route=%2Fwp%2Fv2%2Fmedia&parent=6561"}],"wp:term":[{"taxonomy":"category","embeddable":true,"href":"https:\/\/wgphoto.pl\/t\/index.php?rest_route=%2Fwp%2Fv2%2Fcategories&post=6561"},{"taxonomy":"post_tag","embeddable":true,"href":"https:\/\/wgphoto.pl\/t\/index.php?rest_route=%2Fwp%2Fv2%2Ftags&post=6561"}],"curies":[{"name":"wp","href":"https:\/\/api.w.org\/{rel}","templated":true}]}}