{"id":6567,"date":"2024-11-25T16:45:18","date_gmt":"2024-11-25T15:45:18","guid":{"rendered":"https:\/\/wgphoto.pl\/t\/?p=6567"},"modified":"2024-11-25T16:45:18","modified_gmt":"2024-11-25T15:45:18","slug":"102na-2076-w-sercu-nadodrza","status":"publish","type":"post","link":"https:\/\/wgphoto.pl\/t\/?p=6567","title":{"rendered":"102Na 2076 w sercu Nadodrza"},"content":{"rendered":"\n<figure class=\"wp-block-image aligncenter size-full\"><img loading=\"lazy\" decoding=\"async\" width=\"1300\" height=\"867\" src=\"https:\/\/wgphoto.pl\/t\/wp-content\/uploads\/2024\/11\/0818-09.jpg\" alt=\"\" class=\"wp-image-6568\" srcset=\"https:\/\/wgphoto.pl\/t\/wp-content\/uploads\/2024\/11\/0818-09.jpg 1300w, https:\/\/wgphoto.pl\/t\/wp-content\/uploads\/2024\/11\/0818-09-300x200.jpg 300w, https:\/\/wgphoto.pl\/t\/wp-content\/uploads\/2024\/11\/0818-09-768x512.jpg 768w\" sizes=\"auto, (max-width: 1300px) 100vw, 1300px\" \/><\/figure>\n\n\n\n<div class=\"wp-block-group has-global-padding is-layout-constrained wp-block-group-is-layout-constrained\">\n<p>Wroc\u0142aw, pl. Stanis\u0142awa Staszica. &#8222;Imprezowa&#8221; stodw\u00f3jka stoj\u0105c na przedwojennych szynach pozuje do zdj\u0119cia na tle nadodrza\u0144skich kamienic. 05.10.2008<\/p>\n<\/div>\n","protected":false},"excerpt":{"rendered":"<p>Wroc\u0142aw, pl. Stanis\u0142awa Staszica. &#8222;Imprezowa&#8221; stodw\u00f3jka stoj\u0105c na przedwojennych szynach pozuje do zdj\u0119cia na tle nadodrza\u0144skich kamienic. 05.10.2008<\/p>\n","protected":false},"author":1,"featured_media":6568,"comment_status":"open","ping_status":"","sticky":false,"template":"","format":"standard","meta":{"footnotes":""},"categories":[62,120,3],"tags":[1974,309,42,154,27,202,41],"class_list":["post-6567","post","type-post","status-publish","format-standard","has-post-thumbnail","hentry","category-analog","category-rok-2008","category-tramwaj","tag-2008-10-05","tag-konstal-102na","tag-mpk-wroclaw","tag-noc","tag-polska","tag-specjalny","tag-wroclaw"],"_links":{"self":[{"href":"https:\/\/wgphoto.pl\/t\/index.php?rest_route=\/wp\/v2\/posts\/6567","targetHints":{"allow":["GET"]}}],"collection":[{"href":"https:\/\/wgphoto.pl\/t\/index.php?rest_route=\/wp\/v2\/posts"}],"about":[{"href":"https:\/\/wgphoto.pl\/t\/index.php?rest_route=\/wp\/v2\/types\/post"}],"author":[{"embeddable":true,"href":"https:\/\/wgphoto.pl\/t\/index.php?rest_route=\/wp\/v2\/users\/1"}],"replies":[{"embeddable":true,"href":"https:\/\/wgphoto.pl\/t\/index.php?rest_route=%2Fwp%2Fv2%2Fcomments&post=6567"}],"version-history":[{"count":1,"href":"https:\/\/wgphoto.pl\/t\/index.php?rest_route=\/wp\/v2\/posts\/6567\/revisions"}],"predecessor-version":[{"id":6569,"href":"https:\/\/wgphoto.pl\/t\/index.php?rest_route=\/wp\/v2\/posts\/6567\/revisions\/6569"}],"wp:featuredmedia":[{"embeddable":true,"href":"https:\/\/wgphoto.pl\/t\/index.php?rest_route=\/wp\/v2\/media\/6568"}],"wp:attachment":[{"href":"https:\/\/wgphoto.pl\/t\/index.php?rest_route=%2Fwp%2Fv2%2Fmedia&parent=6567"}],"wp:term":[{"taxonomy":"category","embeddable":true,"href":"https:\/\/wgphoto.pl\/t\/index.php?rest_route=%2Fwp%2Fv2%2Fcategories&post=6567"},{"taxonomy":"post_tag","embeddable":true,"href":"https:\/\/wgphoto.pl\/t\/index.php?rest_route=%2Fwp%2Fv2%2Ftags&post=6567"}],"curies":[{"name":"wp","href":"https:\/\/api.w.org\/{rel}","templated":true}]}}