{"id":6570,"date":"2024-11-25T16:46:12","date_gmt":"2024-11-25T15:46:12","guid":{"rendered":"https:\/\/wgphoto.pl\/t\/?p=6570"},"modified":"2024-11-25T16:46:12","modified_gmt":"2024-11-25T15:46:12","slug":"swiat-jest-piekny","status":"publish","type":"post","link":"https:\/\/wgphoto.pl\/t\/?p=6570","title":{"rendered":"\u015awiat jest pi\u0119kny"},"content":{"rendered":"\n<figure class=\"wp-block-image aligncenter size-full\"><img loading=\"lazy\" decoding=\"async\" width=\"1300\" height=\"867\" src=\"https:\/\/wgphoto.pl\/t\/wp-content\/uploads\/2024\/11\/0510-27.jpg\" alt=\"\" class=\"wp-image-6571\" srcset=\"https:\/\/wgphoto.pl\/t\/wp-content\/uploads\/2024\/11\/0510-27.jpg 1300w, https:\/\/wgphoto.pl\/t\/wp-content\/uploads\/2024\/11\/0510-27-300x200.jpg 300w, https:\/\/wgphoto.pl\/t\/wp-content\/uploads\/2024\/11\/0510-27-768x512.jpg 768w\" sizes=\"auto, (max-width: 1300px) 100vw, 1300px\" \/><\/figure>\n\n\n\n<div class=\"wp-block-group has-global-padding is-layout-constrained wp-block-group-is-layout-constrained\">\n<p>\u2026a stacja w B\u0105kowie to potwierdza przez zaprzeczenie. \ud83d\ude09 Przez stacj\u0119 w kierunku Kluczborka przeje\u017cd\u017ca skar\u017cyski jamnik ET41-047, kt\u00f3ry, jak na jamnika przysta\u0142o, okaza\u0142 si\u0119 by\u0107 za d\u0142ugi do tego kadru. 08.05.2005<\/p>\n<\/div>\n","protected":false},"excerpt":{"rendered":"<p>\u2026a stacja w B\u0105kowie to potwierdza przez zaprzeczenie. \ud83d\ude09 Przez stacj\u0119 w kierunku Kluczborka przeje\u017cd\u017ca skar\u017cyski jamnik ET41-047, kt\u00f3ry, jak na jamnika przysta\u0142o, okaza\u0142 si\u0119 by\u0107 za d\u0142ugi do tego kadru. 08.05.2005<\/p>\n","protected":false},"author":1,"featured_media":6571,"comment_status":"open","ping_status":"","sticky":false,"template":"","format":"standard","meta":{"footnotes":""},"categories":[62,2,311],"tags":[2398,2397,259,63,27,2399],"class_list":["post-6570","post","type-post","status-publish","format-standard","has-post-thumbnail","hentry","category-analog","category-kolej","category-rok-2005","tag-2005-05-08","tag-bakow","tag-et41","tag-pkp","tag-polska","tag-tab-pl320"],"_links":{"self":[{"href":"https:\/\/wgphoto.pl\/t\/index.php?rest_route=\/wp\/v2\/posts\/6570","targetHints":{"allow":["GET"]}}],"collection":[{"href":"https:\/\/wgphoto.pl\/t\/index.php?rest_route=\/wp\/v2\/posts"}],"about":[{"href":"https:\/\/wgphoto.pl\/t\/index.php?rest_route=\/wp\/v2\/types\/post"}],"author":[{"embeddable":true,"href":"https:\/\/wgphoto.pl\/t\/index.php?rest_route=\/wp\/v2\/users\/1"}],"replies":[{"embeddable":true,"href":"https:\/\/wgphoto.pl\/t\/index.php?rest_route=%2Fwp%2Fv2%2Fcomments&post=6570"}],"version-history":[{"count":1,"href":"https:\/\/wgphoto.pl\/t\/index.php?rest_route=\/wp\/v2\/posts\/6570\/revisions"}],"predecessor-version":[{"id":6572,"href":"https:\/\/wgphoto.pl\/t\/index.php?rest_route=\/wp\/v2\/posts\/6570\/revisions\/6572"}],"wp:featuredmedia":[{"embeddable":true,"href":"https:\/\/wgphoto.pl\/t\/index.php?rest_route=\/wp\/v2\/media\/6571"}],"wp:attachment":[{"href":"https:\/\/wgphoto.pl\/t\/index.php?rest_route=%2Fwp%2Fv2%2Fmedia&parent=6570"}],"wp:term":[{"taxonomy":"category","embeddable":true,"href":"https:\/\/wgphoto.pl\/t\/index.php?rest_route=%2Fwp%2Fv2%2Fcategories&post=6570"},{"taxonomy":"post_tag","embeddable":true,"href":"https:\/\/wgphoto.pl\/t\/index.php?rest_route=%2Fwp%2Fv2%2Ftags&post=6570"}],"curies":[{"name":"wp","href":"https:\/\/api.w.org\/{rel}","templated":true}]}}