{"id":6573,"date":"2024-11-25T16:47:07","date_gmt":"2024-11-25T15:47:07","guid":{"rendered":"https:\/\/wgphoto.pl\/t\/?p=6573"},"modified":"2024-11-25T16:47:07","modified_gmt":"2024-11-25T15:47:07","slug":"od-przybytku-glowa-nie-boli","status":"publish","type":"post","link":"https:\/\/wgphoto.pl\/t\/?p=6573","title":{"rendered":"Od przybytku g\u0142owa nie boli"},"content":{"rendered":"\n<figure class=\"wp-block-image aligncenter size-full\"><img loading=\"lazy\" decoding=\"async\" width=\"1300\" height=\"862\" src=\"https:\/\/wgphoto.pl\/t\/wp-content\/uploads\/2024\/11\/0510-00.jpg\" alt=\"\" class=\"wp-image-6574\" srcset=\"https:\/\/wgphoto.pl\/t\/wp-content\/uploads\/2024\/11\/0510-00.jpg 1300w, https:\/\/wgphoto.pl\/t\/wp-content\/uploads\/2024\/11\/0510-00-300x199.jpg 300w, https:\/\/wgphoto.pl\/t\/wp-content\/uploads\/2024\/11\/0510-00-768x509.jpg 768w\" sizes=\"auto, (max-width: 1300px) 100vw, 1300px\" \/><\/figure>\n\n\n\n<div class=\"wp-block-group has-global-padding is-layout-constrained wp-block-group-is-layout-constrained\">\n<p>SU45-197 z poci\u0105giem osobowym 90221 relacji Bydgoszcz G\u0142\u00f3wna &#8211; Chojnice za par\u0119 minut zatrzyma si\u0119 na stacji Wierzchucin. Drugi zestaw Bhp, jak zanotowa\u0142em na odwrocie odbitki tego zdj\u0119cia, jecha\u0142 jako podsy\u0142 ze Skar\u017cyska-Kamiennej do Chojnic, kt\u00f3re zapewne zosta\u0142y jego nowym domem. 03.05.2005<\/p>\n<\/div>\n","protected":false},"excerpt":{"rendered":"<p>SU45-197 z poci\u0105giem osobowym 90221 relacji Bydgoszcz G\u0142\u00f3wna &#8211; Chojnice za par\u0119 minut zatrzyma si\u0119 na stacji Wierzchucin. Drugi zestaw Bhp, jak zanotowa\u0142em na odwrocie odbitki tego zdj\u0119cia, jecha\u0142 jako podsy\u0142 ze Skar\u017cyska-Kamiennej do Chojnic, kt\u00f3re zapewne zosta\u0142y jego nowym domem. 03.05.2005<\/p>\n","protected":false},"author":1,"featured_media":6574,"comment_status":"open","ping_status":"","sticky":false,"template":"","format":"standard","meta":{"footnotes":""},"categories":[62,2,311],"tags":[1043,288,645,63,27,290,793,1774],"class_list":["post-6573","post","type-post","status-publish","format-standard","has-post-thumbnail","hentry","category-analog","category-kolej","category-rok-2005","tag-2005-05-03","tag-bipa","tag-majowka-2005-2","tag-pkp","tag-polska","tag-su45","tag-tab-pl431","tag-wierzchucin"],"_links":{"self":[{"href":"https:\/\/wgphoto.pl\/t\/index.php?rest_route=\/wp\/v2\/posts\/6573","targetHints":{"allow":["GET"]}}],"collection":[{"href":"https:\/\/wgphoto.pl\/t\/index.php?rest_route=\/wp\/v2\/posts"}],"about":[{"href":"https:\/\/wgphoto.pl\/t\/index.php?rest_route=\/wp\/v2\/types\/post"}],"author":[{"embeddable":true,"href":"https:\/\/wgphoto.pl\/t\/index.php?rest_route=\/wp\/v2\/users\/1"}],"replies":[{"embeddable":true,"href":"https:\/\/wgphoto.pl\/t\/index.php?rest_route=%2Fwp%2Fv2%2Fcomments&post=6573"}],"version-history":[{"count":1,"href":"https:\/\/wgphoto.pl\/t\/index.php?rest_route=\/wp\/v2\/posts\/6573\/revisions"}],"predecessor-version":[{"id":6575,"href":"https:\/\/wgphoto.pl\/t\/index.php?rest_route=\/wp\/v2\/posts\/6573\/revisions\/6575"}],"wp:featuredmedia":[{"embeddable":true,"href":"https:\/\/wgphoto.pl\/t\/index.php?rest_route=\/wp\/v2\/media\/6574"}],"wp:attachment":[{"href":"https:\/\/wgphoto.pl\/t\/index.php?rest_route=%2Fwp%2Fv2%2Fmedia&parent=6573"}],"wp:term":[{"taxonomy":"category","embeddable":true,"href":"https:\/\/wgphoto.pl\/t\/index.php?rest_route=%2Fwp%2Fv2%2Fcategories&post=6573"},{"taxonomy":"post_tag","embeddable":true,"href":"https:\/\/wgphoto.pl\/t\/index.php?rest_route=%2Fwp%2Fv2%2Ftags&post=6573"}],"curies":[{"name":"wp","href":"https:\/\/api.w.org\/{rel}","templated":true}]}}