{"id":6576,"date":"2024-11-25T16:48:07","date_gmt":"2024-11-25T15:48:07","guid":{"rendered":"https:\/\/wgphoto.pl\/t\/?p=6576"},"modified":"2024-11-25T16:48:07","modified_gmt":"2024-11-25T15:48:07","slug":"niech-sie-jeszcze-swieci-1-maja","status":"publish","type":"post","link":"https:\/\/wgphoto.pl\/t\/?p=6576","title":{"rendered":"Niech si\u0119 jeszcze \u015bwi\u0119ci 1 maja"},"content":{"rendered":"\n<figure class=\"wp-block-image aligncenter size-full\"><img loading=\"lazy\" decoding=\"async\" width=\"1000\" height=\"800\" src=\"https:\/\/wgphoto.pl\/t\/wp-content\/uploads\/2024\/11\/0412-15.jpg\" alt=\"\" class=\"wp-image-6577\" srcset=\"https:\/\/wgphoto.pl\/t\/wp-content\/uploads\/2024\/11\/0412-15.jpg 1000w, https:\/\/wgphoto.pl\/t\/wp-content\/uploads\/2024\/11\/0412-15-300x240.jpg 300w, https:\/\/wgphoto.pl\/t\/wp-content\/uploads\/2024\/11\/0412-15-768x614.jpg 768w\" sizes=\"auto, (max-width: 1000px) 100vw, 1000px\" \/><\/figure>\n\n\n\n<div class=\"wp-block-group has-global-padding is-layout-constrained wp-block-group-is-layout-constrained\">\n<p>Wroc\u0142aw, pl. 1 Maja, 102Na 2053. To foto powsta\u0142o w celu uwiecznienia nazwy przystanku (i placu), kt\u00f3ra nied\u0142ugo p\u00f3\u017aniej zosta\u0142a zmieniona na upami\u0119tniaj\u0105c\u0105 Jana Paw\u0142a II. 15.07.2004<\/p>\n<\/div>\n","protected":false},"excerpt":{"rendered":"<p>Wroc\u0142aw, pl. 1 Maja, 102Na 2053. To foto powsta\u0142o w celu uwiecznienia nazwy przystanku (i placu), kt\u00f3ra nied\u0142ugo p\u00f3\u017aniej zosta\u0142a zmieniona na upami\u0119tniaj\u0105c\u0105 Jana Paw\u0142a II. 15.07.2004<\/p>\n","protected":false},"author":1,"featured_media":6577,"comment_status":"open","ping_status":"","sticky":false,"template":"","format":"standard","meta":{"footnotes":""},"categories":[62,61,3],"tags":[2400,309,42,27,219,41],"class_list":["post-6576","post","type-post","status-publish","format-standard","has-post-thumbnail","hentry","category-analog","category-rok-2004","category-tramwaj","tag-2004-07-15","tag-konstal-102na","tag-mpk-wroclaw","tag-polska","tag-przystanek","tag-wroclaw"],"_links":{"self":[{"href":"https:\/\/wgphoto.pl\/t\/index.php?rest_route=\/wp\/v2\/posts\/6576","targetHints":{"allow":["GET"]}}],"collection":[{"href":"https:\/\/wgphoto.pl\/t\/index.php?rest_route=\/wp\/v2\/posts"}],"about":[{"href":"https:\/\/wgphoto.pl\/t\/index.php?rest_route=\/wp\/v2\/types\/post"}],"author":[{"embeddable":true,"href":"https:\/\/wgphoto.pl\/t\/index.php?rest_route=\/wp\/v2\/users\/1"}],"replies":[{"embeddable":true,"href":"https:\/\/wgphoto.pl\/t\/index.php?rest_route=%2Fwp%2Fv2%2Fcomments&post=6576"}],"version-history":[{"count":1,"href":"https:\/\/wgphoto.pl\/t\/index.php?rest_route=\/wp\/v2\/posts\/6576\/revisions"}],"predecessor-version":[{"id":6578,"href":"https:\/\/wgphoto.pl\/t\/index.php?rest_route=\/wp\/v2\/posts\/6576\/revisions\/6578"}],"wp:featuredmedia":[{"embeddable":true,"href":"https:\/\/wgphoto.pl\/t\/index.php?rest_route=\/wp\/v2\/media\/6577"}],"wp:attachment":[{"href":"https:\/\/wgphoto.pl\/t\/index.php?rest_route=%2Fwp%2Fv2%2Fmedia&parent=6576"}],"wp:term":[{"taxonomy":"category","embeddable":true,"href":"https:\/\/wgphoto.pl\/t\/index.php?rest_route=%2Fwp%2Fv2%2Fcategories&post=6576"},{"taxonomy":"post_tag","embeddable":true,"href":"https:\/\/wgphoto.pl\/t\/index.php?rest_route=%2Fwp%2Fv2%2Ftags&post=6576"}],"curies":[{"name":"wp","href":"https:\/\/api.w.org\/{rel}","templated":true}]}}