{"id":6585,"date":"2024-11-25T16:51:03","date_gmt":"2024-11-25T15:51:03","guid":{"rendered":"https:\/\/wgphoto.pl\/t\/?p=6585"},"modified":"2024-11-25T16:51:03","modified_gmt":"2024-11-25T15:51:03","slug":"dolny-slask-rozkwita","status":"publish","type":"post","link":"https:\/\/wgphoto.pl\/t\/?p=6585","title":{"rendered":"Dolny \u015al\u0105sk rozkwita"},"content":{"rendered":"\n<figure class=\"wp-block-image aligncenter size-full\"><img loading=\"lazy\" decoding=\"async\" width=\"1300\" height=\"731\" src=\"https:\/\/wgphoto.pl\/t\/wp-content\/uploads\/2024\/11\/IMGP5666.jpg\" alt=\"\" class=\"wp-image-6586\" srcset=\"https:\/\/wgphoto.pl\/t\/wp-content\/uploads\/2024\/11\/IMGP5666.jpg 1300w, https:\/\/wgphoto.pl\/t\/wp-content\/uploads\/2024\/11\/IMGP5666-300x169.jpg 300w, https:\/\/wgphoto.pl\/t\/wp-content\/uploads\/2024\/11\/IMGP5666-768x432.jpg 768w\" sizes=\"auto, (max-width: 1300px) 100vw, 1300px\" \/><\/figure>\n\n\n\n<div class=\"wp-block-group has-global-padding is-layout-constrained wp-block-group-is-layout-constrained\">\n<p>\u2026a kolej, cho\u0107 r\u00f3wnie kolorowa, niekoniecznie. Jednostka EN71 o nieznanym numerze jedzie z Wroc\u0142awia w kierunku Jeleniej G\u00f3ry, mijaj\u0105c Masyw \u015al\u0119\u017cy na szlaku K\u0105ty Wroc\u0142awskie &#8211; Mietk\u00f3w. 09.05.2009<\/p>\n<\/div>\n","protected":false},"excerpt":{"rendered":"<p>\u2026a kolej, cho\u0107 r\u00f3wnie kolorowa, niekoniecznie. Jednostka EN71 o nieznanym numerze jedzie z Wroc\u0142awia w kierunku Jeleniej G\u00f3ry, mijaj\u0105c Masyw \u015al\u0119\u017cy na szlaku K\u0105ty Wroc\u0142awskie &#8211; Mietk\u00f3w. 09.05.2009<\/p>\n","protected":false},"author":1,"featured_media":6586,"comment_status":"open","ping_status":"","sticky":false,"template":"","format":"standard","meta":{"footnotes":""},"categories":[2,169],"tags":[2405,728,114,2404,2403,63,27,200,294],"class_list":["post-6585","post","type-post","status-publish","format-standard","has-post-thumbnail","hentry","category-kolej","category-rok-2009","tag-2009-05-09","tag-en71","tag-gory","tag-katy-wroclawskie","tag-mietkow","tag-pkp","tag-polska","tag-tab-pl240","tag-wiosna"],"_links":{"self":[{"href":"https:\/\/wgphoto.pl\/t\/index.php?rest_route=\/wp\/v2\/posts\/6585","targetHints":{"allow":["GET"]}}],"collection":[{"href":"https:\/\/wgphoto.pl\/t\/index.php?rest_route=\/wp\/v2\/posts"}],"about":[{"href":"https:\/\/wgphoto.pl\/t\/index.php?rest_route=\/wp\/v2\/types\/post"}],"author":[{"embeddable":true,"href":"https:\/\/wgphoto.pl\/t\/index.php?rest_route=\/wp\/v2\/users\/1"}],"replies":[{"embeddable":true,"href":"https:\/\/wgphoto.pl\/t\/index.php?rest_route=%2Fwp%2Fv2%2Fcomments&post=6585"}],"version-history":[{"count":1,"href":"https:\/\/wgphoto.pl\/t\/index.php?rest_route=\/wp\/v2\/posts\/6585\/revisions"}],"predecessor-version":[{"id":6587,"href":"https:\/\/wgphoto.pl\/t\/index.php?rest_route=\/wp\/v2\/posts\/6585\/revisions\/6587"}],"wp:featuredmedia":[{"embeddable":true,"href":"https:\/\/wgphoto.pl\/t\/index.php?rest_route=\/wp\/v2\/media\/6586"}],"wp:attachment":[{"href":"https:\/\/wgphoto.pl\/t\/index.php?rest_route=%2Fwp%2Fv2%2Fmedia&parent=6585"}],"wp:term":[{"taxonomy":"category","embeddable":true,"href":"https:\/\/wgphoto.pl\/t\/index.php?rest_route=%2Fwp%2Fv2%2Fcategories&post=6585"},{"taxonomy":"post_tag","embeddable":true,"href":"https:\/\/wgphoto.pl\/t\/index.php?rest_route=%2Fwp%2Fv2%2Ftags&post=6585"}],"curies":[{"name":"wp","href":"https:\/\/api.w.org\/{rel}","templated":true}]}}