{"id":6595,"date":"2024-11-25T16:54:25","date_gmt":"2024-11-25T15:54:25","guid":{"rendered":"https:\/\/wgphoto.pl\/t\/?p=6595"},"modified":"2024-11-25T16:54:25","modified_gmt":"2024-11-25T15:54:25","slug":"potrojniaczek-jeden","status":"publish","type":"post","link":"https:\/\/wgphoto.pl\/t\/?p=6595","title":{"rendered":"Potr\u00f3jniaczek jeden"},"content":{"rendered":"\n<figure class=\"wp-block-image aligncenter size-full\"><img loading=\"lazy\" decoding=\"async\" width=\"1300\" height=\"813\" src=\"https:\/\/wgphoto.pl\/t\/wp-content\/uploads\/2024\/11\/0418-34.jpg\" alt=\"\" class=\"wp-image-6596\" srcset=\"https:\/\/wgphoto.pl\/t\/wp-content\/uploads\/2024\/11\/0418-34.jpg 1300w, https:\/\/wgphoto.pl\/t\/wp-content\/uploads\/2024\/11\/0418-34-300x188.jpg 300w, https:\/\/wgphoto.pl\/t\/wp-content\/uploads\/2024\/11\/0418-34-768x480.jpg 768w\" sizes=\"auto, (max-width: 1300px) 100vw, 1300px\" \/><\/figure>\n\n\n\n<div class=\"wp-block-group has-global-padding is-layout-constrained wp-block-group-is-layout-constrained\">\n<p>Krak\u00f3w, Rondo Mogilskie, sk\u0142ad 105Na 945+946+947. Miejsce to zmieni\u0142o si\u0119 nie do poznania. \u015arodek ronda, dzi\u0119ki przeniesieniu do odkrytego zag\u0142\u0119bienia na poziomie -1, zosta\u0142 ca\u0142kowicie oddzielony od ruchu samochodowego i sta\u0142 si\u0119 ca\u0142kiem przyjemn\u0105 stref\u0105 pieszo-tramwajow\u0105. 04.08.2004<\/p>\n<\/div>\n","protected":false},"excerpt":{"rendered":"<p>Krak\u00f3w, Rondo Mogilskie, sk\u0142ad 105Na 945+946+947. Miejsce to zmieni\u0142o si\u0119 nie do poznania. \u015arodek ronda, dzi\u0119ki przeniesieniu do odkrytego zag\u0142\u0119bienia na poziomie -1, zosta\u0142 ca\u0142kowicie oddzielony od ruchu samochodowego i sta\u0142 si\u0119 ca\u0142kiem przyjemn\u0105 stref\u0105 pieszo-tramwajow\u0105. 04.08.2004<\/p>\n","protected":false},"author":1,"featured_media":6596,"comment_status":"open","ping_status":"","sticky":false,"template":"","format":"standard","meta":{"footnotes":""},"categories":[62,61,3],"tags":[155,1270,664,663,27,135],"class_list":["post-6595","post","type-post","status-publish","format-standard","has-post-thumbnail","hentry","category-analog","category-rok-2004","category-tramwaj","tag-105na","tag-2004-08-04","tag-krakow","tag-mpk-krakow","tag-polska","tag-potrojniak"],"_links":{"self":[{"href":"https:\/\/wgphoto.pl\/t\/index.php?rest_route=\/wp\/v2\/posts\/6595","targetHints":{"allow":["GET"]}}],"collection":[{"href":"https:\/\/wgphoto.pl\/t\/index.php?rest_route=\/wp\/v2\/posts"}],"about":[{"href":"https:\/\/wgphoto.pl\/t\/index.php?rest_route=\/wp\/v2\/types\/post"}],"author":[{"embeddable":true,"href":"https:\/\/wgphoto.pl\/t\/index.php?rest_route=\/wp\/v2\/users\/1"}],"replies":[{"embeddable":true,"href":"https:\/\/wgphoto.pl\/t\/index.php?rest_route=%2Fwp%2Fv2%2Fcomments&post=6595"}],"version-history":[{"count":1,"href":"https:\/\/wgphoto.pl\/t\/index.php?rest_route=\/wp\/v2\/posts\/6595\/revisions"}],"predecessor-version":[{"id":6597,"href":"https:\/\/wgphoto.pl\/t\/index.php?rest_route=\/wp\/v2\/posts\/6595\/revisions\/6597"}],"wp:featuredmedia":[{"embeddable":true,"href":"https:\/\/wgphoto.pl\/t\/index.php?rest_route=\/wp\/v2\/media\/6596"}],"wp:attachment":[{"href":"https:\/\/wgphoto.pl\/t\/index.php?rest_route=%2Fwp%2Fv2%2Fmedia&parent=6595"}],"wp:term":[{"taxonomy":"category","embeddable":true,"href":"https:\/\/wgphoto.pl\/t\/index.php?rest_route=%2Fwp%2Fv2%2Fcategories&post=6595"},{"taxonomy":"post_tag","embeddable":true,"href":"https:\/\/wgphoto.pl\/t\/index.php?rest_route=%2Fwp%2Fv2%2Ftags&post=6595"}],"curies":[{"name":"wp","href":"https:\/\/api.w.org\/{rel}","templated":true}]}}