{"id":6623,"date":"2024-11-27T22:06:22","date_gmt":"2024-11-27T21:06:22","guid":{"rendered":"https:\/\/wgphoto.pl\/t\/?p=6623"},"modified":"2024-11-27T22:06:22","modified_gmt":"2024-11-27T21:06:22","slug":"byla-wiosna-kwitly-bzy","status":"publish","type":"post","link":"https:\/\/wgphoto.pl\/t\/?p=6623","title":{"rendered":"By\u0142a wiosna, kwit\u0142y bzy"},"content":{"rendered":"\n<figure class=\"wp-block-image aligncenter size-full\"><img loading=\"lazy\" decoding=\"async\" width=\"1300\" height=\"862\" src=\"https:\/\/wgphoto.pl\/t\/wp-content\/uploads\/2024\/11\/0511-01.jpg\" alt=\"\" class=\"wp-image-6624\" srcset=\"https:\/\/wgphoto.pl\/t\/wp-content\/uploads\/2024\/11\/0511-01.jpg 1300w, https:\/\/wgphoto.pl\/t\/wp-content\/uploads\/2024\/11\/0511-01-300x199.jpg 300w, https:\/\/wgphoto.pl\/t\/wp-content\/uploads\/2024\/11\/0511-01-768x509.jpg 768w\" sizes=\"auto, (max-width: 1300px) 100vw, 1300px\" \/><\/figure>\n\n\n\n<div class=\"wp-block-group has-global-padding is-layout-constrained wp-block-group-is-layout-constrained\">\n<p>EU07-036 z CM Wroc\u0142aw z poci\u0105giem osobowym 235 z Wroc\u0142awia G\u0142\u00f3wnego do Wa\u0142brzycha G\u0142\u00f3wnego jedzie szlakiem Wroc\u0142aw \u015awiebodzki WS &#8211; Wroc\u0142aw Zachodni. 15.05.2005<\/p>\n<\/div>\n","protected":false},"excerpt":{"rendered":"<p>EU07-036 z CM Wroc\u0142aw z poci\u0105giem osobowym 235 z Wroc\u0142awia G\u0142\u00f3wnego do Wa\u0142brzycha G\u0142\u00f3wnego jedzie szlakiem Wroc\u0142aw \u015awiebodzki WS &#8211; Wroc\u0142aw Zachodni. 15.05.2005<\/p>\n","protected":false},"author":1,"featured_media":6624,"comment_status":"open","ping_status":"","sticky":false,"template":"","format":"standard","meta":{"footnotes":""},"categories":[62,2,311],"tags":[1754,288,122,63,27,200,294,41,2311,1623],"class_list":["post-6623","post","type-post","status-publish","format-standard","has-post-thumbnail","hentry","category-analog","category-kolej","category-rok-2005","tag-2005-05-15","tag-bipa","tag-eu07","tag-pkp","tag-polska","tag-tab-pl240","tag-wiosna","tag-wroclaw","tag-wroclaw-grabiszyn","tag-wroclaw-zachodni"],"_links":{"self":[{"href":"https:\/\/wgphoto.pl\/t\/index.php?rest_route=\/wp\/v2\/posts\/6623","targetHints":{"allow":["GET"]}}],"collection":[{"href":"https:\/\/wgphoto.pl\/t\/index.php?rest_route=\/wp\/v2\/posts"}],"about":[{"href":"https:\/\/wgphoto.pl\/t\/index.php?rest_route=\/wp\/v2\/types\/post"}],"author":[{"embeddable":true,"href":"https:\/\/wgphoto.pl\/t\/index.php?rest_route=\/wp\/v2\/users\/1"}],"replies":[{"embeddable":true,"href":"https:\/\/wgphoto.pl\/t\/index.php?rest_route=%2Fwp%2Fv2%2Fcomments&post=6623"}],"version-history":[{"count":1,"href":"https:\/\/wgphoto.pl\/t\/index.php?rest_route=\/wp\/v2\/posts\/6623\/revisions"}],"predecessor-version":[{"id":6625,"href":"https:\/\/wgphoto.pl\/t\/index.php?rest_route=\/wp\/v2\/posts\/6623\/revisions\/6625"}],"wp:featuredmedia":[{"embeddable":true,"href":"https:\/\/wgphoto.pl\/t\/index.php?rest_route=\/wp\/v2\/media\/6624"}],"wp:attachment":[{"href":"https:\/\/wgphoto.pl\/t\/index.php?rest_route=%2Fwp%2Fv2%2Fmedia&parent=6623"}],"wp:term":[{"taxonomy":"category","embeddable":true,"href":"https:\/\/wgphoto.pl\/t\/index.php?rest_route=%2Fwp%2Fv2%2Fcategories&post=6623"},{"taxonomy":"post_tag","embeddable":true,"href":"https:\/\/wgphoto.pl\/t\/index.php?rest_route=%2Fwp%2Fv2%2Ftags&post=6623"}],"curies":[{"name":"wp","href":"https:\/\/api.w.org\/{rel}","templated":true}]}}