{"id":6626,"date":"2024-11-27T22:07:27","date_gmt":"2024-11-27T21:07:27","guid":{"rendered":"https:\/\/wgphoto.pl\/t\/?p=6626"},"modified":"2024-11-27T22:07:27","modified_gmt":"2024-11-27T21:07:27","slug":"miasto-nie-zasypia","status":"publish","type":"post","link":"https:\/\/wgphoto.pl\/t\/?p=6626","title":{"rendered":"Miasto nie zasypia"},"content":{"rendered":"\n<figure class=\"wp-block-image aligncenter size-full\"><img loading=\"lazy\" decoding=\"async\" width=\"1300\" height=\"861\" src=\"https:\/\/wgphoto.pl\/t\/wp-content\/uploads\/2024\/11\/IMGP2158.jpg\" alt=\"\" class=\"wp-image-6627\" srcset=\"https:\/\/wgphoto.pl\/t\/wp-content\/uploads\/2024\/11\/IMGP2158.jpg 1300w, https:\/\/wgphoto.pl\/t\/wp-content\/uploads\/2024\/11\/IMGP2158-300x199.jpg 300w, https:\/\/wgphoto.pl\/t\/wp-content\/uploads\/2024\/11\/IMGP2158-768x509.jpg 768w\" sizes=\"auto, (max-width: 1300px) 100vw, 1300px\" \/><\/figure>\n\n\n\n<div class=\"wp-block-group has-global-padding is-layout-constrained wp-block-group-is-layout-constrained\">\n<p>CAF Urbos 3 nr 304 zatrzyma\u0142 si\u0119 na przystanku <em>Archivo de Indias<\/em> w Sewilli. Tramwaj w czasie postoju pod\u0142adowuje baterie, kt\u00f3re zasil\u0105 silniki trakcyjne podczas jazdy do kolejnego przystanku. 17.11.2018<\/p>\n<\/div>\n","protected":false},"excerpt":{"rendered":"<p>CAF Urbos 3 nr 304 zatrzyma\u0142 si\u0119 na przystanku Archivo de Indias w Sewilli. Tramwaj w czasie postoju pod\u0142adowuje baterie, kt\u00f3re zasil\u0105 silniki trakcyjne podczas jazdy do kolejnego przystanku. 17.11.2018<\/p>\n","protected":false},"author":1,"featured_media":6627,"comment_status":"open","ping_status":"","sticky":false,"template":"","format":"standard","meta":{"footnotes":""},"categories":[156,3],"tags":[2411,157,239,159,160,173,151,622,623],"class_list":["post-6626","post","type-post","status-publish","format-standard","has-post-thumbnail","hentry","category-rok-2018","category-tramwaj","tag-2018-11-17","tag-caf-urbos","tag-deptak","tag-hiszpania","tag-hiszpania-2018","tag-koncowki","tag-ludzie","tag-sewilla","tag-tussam-sevilla"],"_links":{"self":[{"href":"https:\/\/wgphoto.pl\/t\/index.php?rest_route=\/wp\/v2\/posts\/6626","targetHints":{"allow":["GET"]}}],"collection":[{"href":"https:\/\/wgphoto.pl\/t\/index.php?rest_route=\/wp\/v2\/posts"}],"about":[{"href":"https:\/\/wgphoto.pl\/t\/index.php?rest_route=\/wp\/v2\/types\/post"}],"author":[{"embeddable":true,"href":"https:\/\/wgphoto.pl\/t\/index.php?rest_route=\/wp\/v2\/users\/1"}],"replies":[{"embeddable":true,"href":"https:\/\/wgphoto.pl\/t\/index.php?rest_route=%2Fwp%2Fv2%2Fcomments&post=6626"}],"version-history":[{"count":1,"href":"https:\/\/wgphoto.pl\/t\/index.php?rest_route=\/wp\/v2\/posts\/6626\/revisions"}],"predecessor-version":[{"id":6628,"href":"https:\/\/wgphoto.pl\/t\/index.php?rest_route=\/wp\/v2\/posts\/6626\/revisions\/6628"}],"wp:featuredmedia":[{"embeddable":true,"href":"https:\/\/wgphoto.pl\/t\/index.php?rest_route=\/wp\/v2\/media\/6627"}],"wp:attachment":[{"href":"https:\/\/wgphoto.pl\/t\/index.php?rest_route=%2Fwp%2Fv2%2Fmedia&parent=6626"}],"wp:term":[{"taxonomy":"category","embeddable":true,"href":"https:\/\/wgphoto.pl\/t\/index.php?rest_route=%2Fwp%2Fv2%2Fcategories&post=6626"},{"taxonomy":"post_tag","embeddable":true,"href":"https:\/\/wgphoto.pl\/t\/index.php?rest_route=%2Fwp%2Fv2%2Ftags&post=6626"}],"curies":[{"name":"wp","href":"https:\/\/api.w.org\/{rel}","templated":true}]}}