{"id":663,"date":"2024-09-30T18:50:08","date_gmt":"2024-09-30T16:50:08","guid":{"rendered":"https:\/\/wgphoto.pl\/t\/?p=663"},"modified":"2024-09-30T18:50:08","modified_gmt":"2024-09-30T16:50:08","slug":"pod-gore","status":"publish","type":"post","link":"https:\/\/wgphoto.pl\/t\/?p=663","title":{"rendered":"Pod g\u00f3r\u0119"},"content":{"rendered":"\n<figure class=\"wp-block-image aligncenter size-full\"><img loading=\"lazy\" decoding=\"async\" width=\"1200\" height=\"803\" src=\"https:\/\/wgphoto.pl\/t\/wp-content\/uploads\/2024\/09\/IMGP7249.jpg\" alt=\"\" class=\"wp-image-664\" srcset=\"https:\/\/wgphoto.pl\/t\/wp-content\/uploads\/2024\/09\/IMGP7249.jpg 1200w, https:\/\/wgphoto.pl\/t\/wp-content\/uploads\/2024\/09\/IMGP7249-300x201.jpg 300w, https:\/\/wgphoto.pl\/t\/wp-content\/uploads\/2024\/09\/IMGP7249-768x514.jpg 768w\" sizes=\"auto, (max-width: 1200px) 100vw, 1200px\" \/><\/figure>\n\n\n\n<div class=\"wp-block-group has-global-padding is-layout-constrained wp-block-group-is-layout-constrained\">\n<p>Wagon nr 564 wspina si\u0119 Cal\u00e7ada da Ajuda, jak nazwa ulicy wskazuje, w kierunku Ajudy. W tle widzimy Tag, na kt\u00f3rego drugim brzegu po\u0142o\u017cone jest miasto Almada, gdzie r\u00f3wnie\u017c kursuj\u0105 tramwaje. W tym konkretnie miejscu ich trasa przebiega oko\u0142o 1,5 km od brzegu rzeki (jest to odleg\u0142o\u015b\u0107 zbli\u017cona do dziel\u0105cej od rzeki tytu\u0142owy wagon), gdyby wi\u0119c wybrze\u017ce Tagu by\u0142o \u0142agodniejsze i umo\u017cliwia\u0142o spojrzenie nieco g\u0142\u0119biej w l\u0105d po drugiej stronie, mo\u017ce uda\u0142oby si\u0119 z\u0142apa\u0107 w jednym kadrze lizbo\u0144skie <em>Remodelado<\/em> i <em>Combino<\/em> z Almady. 06.09.2010<\/p>\n<\/div>\n","protected":false},"excerpt":{"rendered":"<p>Wagon nr 564 wspina si\u0119 Cal\u00e7ada da Ajuda, jak nazwa ulicy wskazuje, w kierunku Ajudy. W tle widzimy Tag, na kt\u00f3rego drugim brzegu po\u0142o\u017cone jest miasto Almada, gdzie r\u00f3wnie\u017c kursuj\u0105 tramwaje. W tym konkretnie miejscu ich trasa przebiega oko\u0142o 1,5 km od brzegu rzeki (jest to odleg\u0142o\u015b\u0107 zbli\u017cona do dziel\u0105cej od rzeki tytu\u0142owy wagon), gdyby [&hellip;]<\/p>\n","protected":false},"author":1,"featured_media":664,"comment_status":"open","ping_status":"","sticky":false,"template":"","format":"standard","meta":{"footnotes":""},"categories":[86,3],"tags":[300,299,298,118,297,73],"class_list":["post-663","post","type-post","status-publish","format-standard","has-post-thumbnail","hentry","category-rok-2010","category-tramwaj","tag-2010-09-06","tag-carris-lisboa","tag-lizbona","tag-plany-i-profile","tag-portugalia","tag-rzeka"],"_links":{"self":[{"href":"https:\/\/wgphoto.pl\/t\/index.php?rest_route=\/wp\/v2\/posts\/663","targetHints":{"allow":["GET"]}}],"collection":[{"href":"https:\/\/wgphoto.pl\/t\/index.php?rest_route=\/wp\/v2\/posts"}],"about":[{"href":"https:\/\/wgphoto.pl\/t\/index.php?rest_route=\/wp\/v2\/types\/post"}],"author":[{"embeddable":true,"href":"https:\/\/wgphoto.pl\/t\/index.php?rest_route=\/wp\/v2\/users\/1"}],"replies":[{"embeddable":true,"href":"https:\/\/wgphoto.pl\/t\/index.php?rest_route=%2Fwp%2Fv2%2Fcomments&post=663"}],"version-history":[{"count":1,"href":"https:\/\/wgphoto.pl\/t\/index.php?rest_route=\/wp\/v2\/posts\/663\/revisions"}],"predecessor-version":[{"id":665,"href":"https:\/\/wgphoto.pl\/t\/index.php?rest_route=\/wp\/v2\/posts\/663\/revisions\/665"}],"wp:featuredmedia":[{"embeddable":true,"href":"https:\/\/wgphoto.pl\/t\/index.php?rest_route=\/wp\/v2\/media\/664"}],"wp:attachment":[{"href":"https:\/\/wgphoto.pl\/t\/index.php?rest_route=%2Fwp%2Fv2%2Fmedia&parent=663"}],"wp:term":[{"taxonomy":"category","embeddable":true,"href":"https:\/\/wgphoto.pl\/t\/index.php?rest_route=%2Fwp%2Fv2%2Fcategories&post=663"},{"taxonomy":"post_tag","embeddable":true,"href":"https:\/\/wgphoto.pl\/t\/index.php?rest_route=%2Fwp%2Fv2%2Ftags&post=663"}],"curies":[{"name":"wp","href":"https:\/\/api.w.org\/{rel}","templated":true}]}}