{"id":6644,"date":"2024-11-28T17:34:43","date_gmt":"2024-11-28T16:34:43","guid":{"rendered":"https:\/\/wgphoto.pl\/t\/?p=6644"},"modified":"2024-11-28T17:34:43","modified_gmt":"2024-11-28T16:34:43","slug":"koszyce-2020","status":"publish","type":"post","link":"https:\/\/wgphoto.pl\/t\/?p=6644","title":{"rendered":"Koszyce 2020"},"content":{"rendered":"\n<figure class=\"wp-block-image aligncenter size-full\"><img loading=\"lazy\" decoding=\"async\" width=\"1300\" height=\"861\" src=\"https:\/\/wgphoto.pl\/t\/wp-content\/uploads\/2024\/11\/IMGP9696.jpg\" alt=\"\" class=\"wp-image-6645\" srcset=\"https:\/\/wgphoto.pl\/t\/wp-content\/uploads\/2024\/11\/IMGP9696.jpg 1300w, https:\/\/wgphoto.pl\/t\/wp-content\/uploads\/2024\/11\/IMGP9696-300x199.jpg 300w, https:\/\/wgphoto.pl\/t\/wp-content\/uploads\/2024\/11\/IMGP9696-768x509.jpg 768w\" sizes=\"auto, (max-width: 1300px) 100vw, 1300px\" \/><\/figure>\n\n\n\n<div class=\"wp-block-group has-global-padding is-layout-constrained wp-block-group-is-layout-constrained\">\n<p>Koszyce, Stani\u010dn\u00e9 n\u00e1mestie, Pragoimex Vario LF2+ nr 809 pod (niewidocznym) dworcem kolejowym oraz autobusowym, widocznym w tle. 14.08.2020<\/p>\n<\/div>\n","protected":false},"excerpt":{"rendered":"<p>Koszyce, Stani\u010dn\u00e9 n\u00e1mestie, Pragoimex Vario LF2+ nr 809 pod (niewidocznym) dworcem kolejowym oraz autobusowym, widocznym w tle. 14.08.2020<\/p>\n","protected":false},"author":1,"featured_media":6645,"comment_status":"open","ping_status":"","sticky":false,"template":"","format":"standard","meta":{"footnotes":""},"categories":[676,3],"tags":[677,1359,1358,1767,438,678,675,380,1243,90],"class_list":["post-6644","post","type-post","status-publish","format-standard","has-post-thumbnail","hentry","category-rok-2020","category-tramwaj","tag-2020-08-14","tag-dpmk-kosice","tag-koszyce","tag-porownania","tag-portret-z-petli","tag-slovensko-uhersko-2020","tag-slowacja","tag-spod-dworca","tag-vario-lf","tag-wieczorem"],"_links":{"self":[{"href":"https:\/\/wgphoto.pl\/t\/index.php?rest_route=\/wp\/v2\/posts\/6644","targetHints":{"allow":["GET"]}}],"collection":[{"href":"https:\/\/wgphoto.pl\/t\/index.php?rest_route=\/wp\/v2\/posts"}],"about":[{"href":"https:\/\/wgphoto.pl\/t\/index.php?rest_route=\/wp\/v2\/types\/post"}],"author":[{"embeddable":true,"href":"https:\/\/wgphoto.pl\/t\/index.php?rest_route=\/wp\/v2\/users\/1"}],"replies":[{"embeddable":true,"href":"https:\/\/wgphoto.pl\/t\/index.php?rest_route=%2Fwp%2Fv2%2Fcomments&post=6644"}],"version-history":[{"count":1,"href":"https:\/\/wgphoto.pl\/t\/index.php?rest_route=\/wp\/v2\/posts\/6644\/revisions"}],"predecessor-version":[{"id":6646,"href":"https:\/\/wgphoto.pl\/t\/index.php?rest_route=\/wp\/v2\/posts\/6644\/revisions\/6646"}],"wp:featuredmedia":[{"embeddable":true,"href":"https:\/\/wgphoto.pl\/t\/index.php?rest_route=\/wp\/v2\/media\/6645"}],"wp:attachment":[{"href":"https:\/\/wgphoto.pl\/t\/index.php?rest_route=%2Fwp%2Fv2%2Fmedia&parent=6644"}],"wp:term":[{"taxonomy":"category","embeddable":true,"href":"https:\/\/wgphoto.pl\/t\/index.php?rest_route=%2Fwp%2Fv2%2Fcategories&post=6644"},{"taxonomy":"post_tag","embeddable":true,"href":"https:\/\/wgphoto.pl\/t\/index.php?rest_route=%2Fwp%2Fv2%2Ftags&post=6644"}],"curies":[{"name":"wp","href":"https:\/\/api.w.org\/{rel}","templated":true}]}}