{"id":6666,"date":"2024-11-28T17:43:13","date_gmt":"2024-11-28T16:43:13","guid":{"rendered":"https:\/\/wgphoto.pl\/t\/?p=6666"},"modified":"2024-11-28T17:43:13","modified_gmt":"2024-11-28T16:43:13","slug":"trzeci-uciekl","status":"publish","type":"post","link":"https:\/\/wgphoto.pl\/t\/?p=6666","title":{"rendered":"Trzeci uciek\u0142"},"content":{"rendered":"\n<figure class=\"wp-block-image aligncenter size-full\"><img loading=\"lazy\" decoding=\"async\" width=\"1200\" height=\"857\" src=\"https:\/\/wgphoto.pl\/t\/wp-content\/uploads\/2024\/11\/IMGP9843.jpg\" alt=\"\" class=\"wp-image-6667\" srcset=\"https:\/\/wgphoto.pl\/t\/wp-content\/uploads\/2024\/11\/IMGP9843.jpg 1200w, https:\/\/wgphoto.pl\/t\/wp-content\/uploads\/2024\/11\/IMGP9843-300x214.jpg 300w, https:\/\/wgphoto.pl\/t\/wp-content\/uploads\/2024\/11\/IMGP9843-768x548.jpg 768w\" sizes=\"auto, (max-width: 1200px) 100vw, 1200px\" \/><\/figure>\n\n\n\n<div class=\"wp-block-group has-global-padding is-layout-constrained wp-block-group-is-layout-constrained\">\n<p>Wroc\u0142aw, p\u0119tla Pilczyce i same Protramy 205WrAs obs\u0142uguj\u0105ce lini\u0119 71 do Wroc\u0142awskiego Parku Przemys\u0142owego. 13.03.2011<\/p>\n<\/div>\n","protected":false},"excerpt":{"rendered":"<p>Wroc\u0142aw, p\u0119tla Pilczyce i same Protramy 205WrAs obs\u0142uguj\u0105ce lini\u0119 71 do Wroc\u0142awskiego Parku Przemys\u0142owego. 13.03.2011<\/p>\n","protected":false},"author":1,"featured_media":6667,"comment_status":"open","ping_status":"","sticky":false,"template":"","format":"standard","meta":{"footnotes":""},"categories":[77,3],"tags":[2422,42,154,2421,27,1096,439,90,41],"class_list":["post-6666","post","type-post","status-publish","format-standard","has-post-thumbnail","hentry","category-rok-2011","category-tramwaj","tag-2011-03-13","tag-mpk-wroclaw","tag-noc","tag-pilczyce","tag-polska","tag-protram-205wras","tag-we-fabryce","tag-wieczorem","tag-wroclaw"],"_links":{"self":[{"href":"https:\/\/wgphoto.pl\/t\/index.php?rest_route=\/wp\/v2\/posts\/6666","targetHints":{"allow":["GET"]}}],"collection":[{"href":"https:\/\/wgphoto.pl\/t\/index.php?rest_route=\/wp\/v2\/posts"}],"about":[{"href":"https:\/\/wgphoto.pl\/t\/index.php?rest_route=\/wp\/v2\/types\/post"}],"author":[{"embeddable":true,"href":"https:\/\/wgphoto.pl\/t\/index.php?rest_route=\/wp\/v2\/users\/1"}],"replies":[{"embeddable":true,"href":"https:\/\/wgphoto.pl\/t\/index.php?rest_route=%2Fwp%2Fv2%2Fcomments&post=6666"}],"version-history":[{"count":1,"href":"https:\/\/wgphoto.pl\/t\/index.php?rest_route=\/wp\/v2\/posts\/6666\/revisions"}],"predecessor-version":[{"id":6668,"href":"https:\/\/wgphoto.pl\/t\/index.php?rest_route=\/wp\/v2\/posts\/6666\/revisions\/6668"}],"wp:featuredmedia":[{"embeddable":true,"href":"https:\/\/wgphoto.pl\/t\/index.php?rest_route=\/wp\/v2\/media\/6667"}],"wp:attachment":[{"href":"https:\/\/wgphoto.pl\/t\/index.php?rest_route=%2Fwp%2Fv2%2Fmedia&parent=6666"}],"wp:term":[{"taxonomy":"category","embeddable":true,"href":"https:\/\/wgphoto.pl\/t\/index.php?rest_route=%2Fwp%2Fv2%2Fcategories&post=6666"},{"taxonomy":"post_tag","embeddable":true,"href":"https:\/\/wgphoto.pl\/t\/index.php?rest_route=%2Fwp%2Fv2%2Ftags&post=6666"}],"curies":[{"name":"wp","href":"https:\/\/api.w.org\/{rel}","templated":true}]}}