{"id":6693,"date":"2024-11-28T17:53:49","date_gmt":"2024-11-28T16:53:49","guid":{"rendered":"https:\/\/wgphoto.pl\/t\/?p=6693"},"modified":"2024-11-28T17:53:49","modified_gmt":"2024-11-28T16:53:49","slug":"poltegor-plonie","status":"publish","type":"post","link":"https:\/\/wgphoto.pl\/t\/?p=6693","title":{"rendered":"Poltegor p\u0142onie"},"content":{"rendered":"\n<figure class=\"wp-block-image aligncenter size-full\"><img loading=\"lazy\" decoding=\"async\" width=\"773\" height=\"1000\" src=\"https:\/\/wgphoto.pl\/t\/wp-content\/uploads\/2024\/11\/0712-22.jpg\" alt=\"\" class=\"wp-image-6694\" srcset=\"https:\/\/wgphoto.pl\/t\/wp-content\/uploads\/2024\/11\/0712-22.jpg 773w, https:\/\/wgphoto.pl\/t\/wp-content\/uploads\/2024\/11\/0712-22-232x300.jpg 232w, https:\/\/wgphoto.pl\/t\/wp-content\/uploads\/2024\/11\/0712-22-768x994.jpg 768w\" sizes=\"auto, (max-width: 773px) 100vw, 773px\" \/><\/figure>\n\n\n\n<div class=\"wp-block-group has-global-padding is-layout-constrained wp-block-group-is-layout-constrained\">\n<p>Wroc\u0142aw, ul. Powsta\u0144c\u00f3w \u015al\u0105skich. Korzystaj\u0105c z okazji wyburzenia Poltegoru, najwy\u017cszego w\u00f3wczas budynku w mie\u015bcie, urz\u0105dzono w nim \u0107wiczenia ratownicze &#8211; st\u0105d te\u017c dym w oknach. A na dole \u017cycie toczy si\u0119 swoim rytmem, mijaj\u0105 si\u0119 akurat dwa nowe niskacze na wroc\u0142awskich torach: Protram 2701 i \u0160koda 3007. 01.06.2007<\/p>\n<\/div>\n","protected":false},"excerpt":{"rendered":"<p>Wroc\u0142aw, ul. Powsta\u0144c\u00f3w \u015al\u0105skich. Korzystaj\u0105c z okazji wyburzenia Poltegoru, najwy\u017cszego w\u00f3wczas budynku w mie\u015bcie, urz\u0105dzono w nim \u0107wiczenia ratownicze &#8211; st\u0105d te\u017c dym w oknach. A na dole \u017cycie toczy si\u0119 swoim rytmem, mijaj\u0105 si\u0119 akurat dwa nowe niskacze na wroc\u0142awskich torach: Protram 2701 i \u0160koda 3007. 01.06.2007<\/p>\n","protected":false},"author":1,"featured_media":6694,"comment_status":"open","ping_status":"","sticky":false,"template":"","format":"standard","meta":{"footnotes":""},"categories":[62,128,96,3],"tags":[2430,389,42,27,1096,215,216,41],"class_list":["post-6693","post","type-post","status-publish","format-standard","has-post-thumbnail","hentry","category-analog","category-pionowe","category-rok-2007","category-tramwaj","tag-2007-06-01","tag-mijanka","tag-mpk-wroclaw","tag-polska","tag-protram-205wras","tag-skoda-16t","tag-skoda-elektra","tag-wroclaw"],"_links":{"self":[{"href":"https:\/\/wgphoto.pl\/t\/index.php?rest_route=\/wp\/v2\/posts\/6693","targetHints":{"allow":["GET"]}}],"collection":[{"href":"https:\/\/wgphoto.pl\/t\/index.php?rest_route=\/wp\/v2\/posts"}],"about":[{"href":"https:\/\/wgphoto.pl\/t\/index.php?rest_route=\/wp\/v2\/types\/post"}],"author":[{"embeddable":true,"href":"https:\/\/wgphoto.pl\/t\/index.php?rest_route=\/wp\/v2\/users\/1"}],"replies":[{"embeddable":true,"href":"https:\/\/wgphoto.pl\/t\/index.php?rest_route=%2Fwp%2Fv2%2Fcomments&post=6693"}],"version-history":[{"count":1,"href":"https:\/\/wgphoto.pl\/t\/index.php?rest_route=\/wp\/v2\/posts\/6693\/revisions"}],"predecessor-version":[{"id":6695,"href":"https:\/\/wgphoto.pl\/t\/index.php?rest_route=\/wp\/v2\/posts\/6693\/revisions\/6695"}],"wp:featuredmedia":[{"embeddable":true,"href":"https:\/\/wgphoto.pl\/t\/index.php?rest_route=\/wp\/v2\/media\/6694"}],"wp:attachment":[{"href":"https:\/\/wgphoto.pl\/t\/index.php?rest_route=%2Fwp%2Fv2%2Fmedia&parent=6693"}],"wp:term":[{"taxonomy":"category","embeddable":true,"href":"https:\/\/wgphoto.pl\/t\/index.php?rest_route=%2Fwp%2Fv2%2Fcategories&post=6693"},{"taxonomy":"post_tag","embeddable":true,"href":"https:\/\/wgphoto.pl\/t\/index.php?rest_route=%2Fwp%2Fv2%2Ftags&post=6693"}],"curies":[{"name":"wp","href":"https:\/\/api.w.org\/{rel}","templated":true}]}}