{"id":6696,"date":"2024-11-28T17:54:45","date_gmt":"2024-11-28T16:54:45","guid":{"rendered":"https:\/\/wgphoto.pl\/t\/?p=6696"},"modified":"2024-11-28T17:54:45","modified_gmt":"2024-11-28T16:54:45","slug":"branik","status":"publish","type":"post","link":"https:\/\/wgphoto.pl\/t\/?p=6696","title":{"rendered":"Bran\u00edk"},"content":{"rendered":"\n<figure class=\"wp-block-image aligncenter size-full\"><img loading=\"lazy\" decoding=\"async\" width=\"1300\" height=\"870\" src=\"https:\/\/wgphoto.pl\/t\/wp-content\/uploads\/2024\/11\/IMGP4376.jpg\" alt=\"\" class=\"wp-image-6697\" srcset=\"https:\/\/wgphoto.pl\/t\/wp-content\/uploads\/2024\/11\/IMGP4376.jpg 1300w, https:\/\/wgphoto.pl\/t\/wp-content\/uploads\/2024\/11\/IMGP4376-300x201.jpg 300w, https:\/\/wgphoto.pl\/t\/wp-content\/uploads\/2024\/11\/IMGP4376-768x514.jpg 768w\" sizes=\"auto, (max-width: 1300px) 100vw, 1300px\" \/><\/figure>\n\n\n\n<div class=\"wp-block-group has-global-padding is-layout-constrained wp-block-group-is-layout-constrained\">\n<p>Maszyna 714.019-7 z poci\u0105giem osobowym 9065 relacji Praha hl.n. &#8211; \u010cer\u010dany zatrzymuje si\u0119 przy peronie stacji Praha-Bran\u00edk. Tzw. motyw na tym zdj\u0119ciu tworzy fragment zabudowa\u0144 lokalnego browaru o nazwie to\u017csamej z nazw\u0105 tej dzielnicy Pragi. Wyrob\u00f3w tam warzonych mo\u017cna spr\u00f3bowa\u0107 w dworcowej restauracji, fotografuj\u0105c przy okazji przeje\u017cd\u017caj\u0105ce poci\u0105gi. Niekt\u00f3rzy piwo Bran\u00edk mog\u0105 kojarzy\u0107 ze sklep\u00f3w, gdy\u017c zwraca tam uwag\u0119 nisk\u0105 cen\u0105. Nie wiem jak teraz, ale w czasie wykonania zdj\u0119cia butelk\u0119 0,5l mo\u017cna by\u0142o kupi\u0107 za jednocyfrow\u0105 liczb\u0119 koron, czyli za jakie\u015b 1,50 PLN, a co najwa\u017cniejsze, tak tani trunek by\u0142 nawet spijalny. 01.10.2011<\/p>\n<\/div>\n","protected":false},"excerpt":{"rendered":"<p>Maszyna 714.019-7 z poci\u0105giem osobowym 9065 relacji Praha hl.n. &#8211; \u010cer\u010dany zatrzymuje si\u0119 przy peronie stacji Praha-Bran\u00edk. Tzw. motyw na tym zdj\u0119ciu tworzy fragment zabudowa\u0144 lokalnego browaru o nazwie to\u017csamej z nazw\u0105 tej dzielnicy Pragi. Wyrob\u00f3w tam warzonych mo\u017cna spr\u00f3bowa\u0107 w dworcowej restauracji, fotografuj\u0105c przy okazji przeje\u017cd\u017caj\u0105ce poci\u0105gi. Niekt\u00f3rzy piwo Bran\u00edk mog\u0105 kojarzy\u0107 ze sklep\u00f3w, [&hellip;]<\/p>\n","protected":false},"author":1,"featured_media":6697,"comment_status":"open","ping_status":"","sticky":false,"template":"","format":"standard","meta":{"footnotes":""},"categories":[2,77],"tags":[1376,326,50,49,52,2431,2218],"class_list":["post-6696","post","type-post","status-publish","format-standard","has-post-thumbnail","hentry","category-kolej","category-rok-2011","tag-2011-10-01","tag-326","tag-cd","tag-czechy","tag-praga","tag-praha-branik","tag-tab-cz210"],"_links":{"self":[{"href":"https:\/\/wgphoto.pl\/t\/index.php?rest_route=\/wp\/v2\/posts\/6696","targetHints":{"allow":["GET"]}}],"collection":[{"href":"https:\/\/wgphoto.pl\/t\/index.php?rest_route=\/wp\/v2\/posts"}],"about":[{"href":"https:\/\/wgphoto.pl\/t\/index.php?rest_route=\/wp\/v2\/types\/post"}],"author":[{"embeddable":true,"href":"https:\/\/wgphoto.pl\/t\/index.php?rest_route=\/wp\/v2\/users\/1"}],"replies":[{"embeddable":true,"href":"https:\/\/wgphoto.pl\/t\/index.php?rest_route=%2Fwp%2Fv2%2Fcomments&post=6696"}],"version-history":[{"count":1,"href":"https:\/\/wgphoto.pl\/t\/index.php?rest_route=\/wp\/v2\/posts\/6696\/revisions"}],"predecessor-version":[{"id":6698,"href":"https:\/\/wgphoto.pl\/t\/index.php?rest_route=\/wp\/v2\/posts\/6696\/revisions\/6698"}],"wp:featuredmedia":[{"embeddable":true,"href":"https:\/\/wgphoto.pl\/t\/index.php?rest_route=\/wp\/v2\/media\/6697"}],"wp:attachment":[{"href":"https:\/\/wgphoto.pl\/t\/index.php?rest_route=%2Fwp%2Fv2%2Fmedia&parent=6696"}],"wp:term":[{"taxonomy":"category","embeddable":true,"href":"https:\/\/wgphoto.pl\/t\/index.php?rest_route=%2Fwp%2Fv2%2Fcategories&post=6696"},{"taxonomy":"post_tag","embeddable":true,"href":"https:\/\/wgphoto.pl\/t\/index.php?rest_route=%2Fwp%2Fv2%2Ftags&post=6696"}],"curies":[{"name":"wp","href":"https:\/\/api.w.org\/{rel}","templated":true}]}}