{"id":6708,"date":"2024-11-28T18:00:14","date_gmt":"2024-11-28T17:00:14","guid":{"rendered":"https:\/\/wgphoto.pl\/t\/?p=6708"},"modified":"2024-11-28T18:00:14","modified_gmt":"2024-11-28T17:00:14","slug":"pocztowka-z-lizbony","status":"publish","type":"post","link":"https:\/\/wgphoto.pl\/t\/?p=6708","title":{"rendered":"Poczt\u00f3wka z Lizbony"},"content":{"rendered":"\n<figure class=\"wp-block-image aligncenter size-full\"><img loading=\"lazy\" decoding=\"async\" width=\"1300\" height=\"870\" src=\"https:\/\/wgphoto.pl\/t\/wp-content\/uploads\/2024\/11\/IMGP7296.jpg\" alt=\"\" class=\"wp-image-6709\" srcset=\"https:\/\/wgphoto.pl\/t\/wp-content\/uploads\/2024\/11\/IMGP7296.jpg 1300w, https:\/\/wgphoto.pl\/t\/wp-content\/uploads\/2024\/11\/IMGP7296-300x201.jpg 300w, https:\/\/wgphoto.pl\/t\/wp-content\/uploads\/2024\/11\/IMGP7296-768x514.jpg 768w\" sizes=\"auto, (max-width: 1300px) 100vw, 1300px\" \/><\/figure>\n\n\n\n<div class=\"wp-block-group has-global-padding is-layout-constrained wp-block-group-is-layout-constrained\">\n<p>Wagon nr 568 wspi\u0105\u0142 si\u0119 na szczyt Cal\u00e7ada Nova de S\u00e3o Francisco w Lizbonie. Na drugim planie widoczne jest wzg\u00f3rze Portas do Sol z zamkiem \u015aw. Jerzego. 06.09.2010<\/p>\n<\/div>\n","protected":false},"excerpt":{"rendered":"<p>Wagon nr 568 wspi\u0105\u0142 si\u0119 na szczyt Cal\u00e7ada Nova de S\u00e3o Francisco w Lizbonie. Na drugim planie widoczne jest wzg\u00f3rze Portas do Sol z zamkiem \u015aw. Jerzego. 06.09.2010<\/p>\n","protected":false},"author":1,"featured_media":6709,"comment_status":"open","ping_status":"","sticky":false,"template":"","format":"standard","meta":{"footnotes":""},"categories":[86,3],"tags":[300,299,298,118,297,588],"class_list":["post-6708","post","type-post","status-publish","format-standard","has-post-thumbnail","hentry","category-rok-2010","category-tramwaj","tag-2010-09-06","tag-carris-lisboa","tag-lizbona","tag-plany-i-profile","tag-portugalia","tag-remodelado"],"_links":{"self":[{"href":"https:\/\/wgphoto.pl\/t\/index.php?rest_route=\/wp\/v2\/posts\/6708","targetHints":{"allow":["GET"]}}],"collection":[{"href":"https:\/\/wgphoto.pl\/t\/index.php?rest_route=\/wp\/v2\/posts"}],"about":[{"href":"https:\/\/wgphoto.pl\/t\/index.php?rest_route=\/wp\/v2\/types\/post"}],"author":[{"embeddable":true,"href":"https:\/\/wgphoto.pl\/t\/index.php?rest_route=\/wp\/v2\/users\/1"}],"replies":[{"embeddable":true,"href":"https:\/\/wgphoto.pl\/t\/index.php?rest_route=%2Fwp%2Fv2%2Fcomments&post=6708"}],"version-history":[{"count":1,"href":"https:\/\/wgphoto.pl\/t\/index.php?rest_route=\/wp\/v2\/posts\/6708\/revisions"}],"predecessor-version":[{"id":6710,"href":"https:\/\/wgphoto.pl\/t\/index.php?rest_route=\/wp\/v2\/posts\/6708\/revisions\/6710"}],"wp:featuredmedia":[{"embeddable":true,"href":"https:\/\/wgphoto.pl\/t\/index.php?rest_route=\/wp\/v2\/media\/6709"}],"wp:attachment":[{"href":"https:\/\/wgphoto.pl\/t\/index.php?rest_route=%2Fwp%2Fv2%2Fmedia&parent=6708"}],"wp:term":[{"taxonomy":"category","embeddable":true,"href":"https:\/\/wgphoto.pl\/t\/index.php?rest_route=%2Fwp%2Fv2%2Fcategories&post=6708"},{"taxonomy":"post_tag","embeddable":true,"href":"https:\/\/wgphoto.pl\/t\/index.php?rest_route=%2Fwp%2Fv2%2Ftags&post=6708"}],"curies":[{"name":"wp","href":"https:\/\/api.w.org\/{rel}","templated":true}]}}