{"id":6721,"date":"2024-11-28T18:05:14","date_gmt":"2024-11-28T17:05:14","guid":{"rendered":"https:\/\/wgphoto.pl\/t\/?p=6721"},"modified":"2024-11-28T18:05:14","modified_gmt":"2024-11-28T17:05:14","slug":"mokre-mlp","status":"publish","type":"post","link":"https:\/\/wgphoto.pl\/t\/?p=6721","title":{"rendered":"Mokre M\u0142p."},"content":{"rendered":"\n<figure class=\"wp-block-image aligncenter size-full\"><img loading=\"lazy\" decoding=\"async\" width=\"1300\" height=\"873\" src=\"https:\/\/wgphoto.pl\/t\/wp-content\/uploads\/2024\/11\/IMGP5140.jpg\" alt=\"\" class=\"wp-image-6722\" srcset=\"https:\/\/wgphoto.pl\/t\/wp-content\/uploads\/2024\/11\/IMGP5140.jpg 1300w, https:\/\/wgphoto.pl\/t\/wp-content\/uploads\/2024\/11\/IMGP5140-300x201.jpg 300w, https:\/\/wgphoto.pl\/t\/wp-content\/uploads\/2024\/11\/IMGP5140-768x516.jpg 768w\" sizes=\"auto, (max-width: 1300px) 100vw, 1300px\" \/><\/figure>\n\n\n\n<div class=\"wp-block-group has-global-padding is-layout-constrained wp-block-group-is-layout-constrained\">\n<p>SU42-522 z porannym poci\u0105giem osobowym do \u0141upkowa (czy z Jas\u0142a, czy Sanoka, czy jeszcze sk\u0105din\u0105d &#8211; tego nie wiem) zatrzymuje si\u0119 w tytu\u0142owej miejscowo\u015bci. 24.07.2010<\/p>\n<\/div>\n","protected":false},"excerpt":{"rendered":"<p>SU42-522 z porannym poci\u0105giem osobowym do \u0141upkowa (czy z Jas\u0142a, czy Sanoka, czy jeszcze sk\u0105din\u0105d &#8211; tego nie wiem) zatrzymuje si\u0119 w tytu\u0142owej miejscowo\u015bci. 24.07.2010<\/p>\n","protected":false},"author":1,"featured_media":6722,"comment_status":"open","ping_status":"","sticky":false,"template":"","format":"standard","meta":{"footnotes":""},"categories":[2,86],"tags":[2435,343,63,341,27,176,250,344],"class_list":["post-6721","post","type-post","status-publish","format-standard","has-post-thumbnail","hentry","category-kolej","category-rok-2010","tag-2010-07-24","tag-mokre-malopolskie","tag-pkp","tag-podkarpacie-2010","tag-polska","tag-rano","tag-su42","tag-tab-pl134"],"_links":{"self":[{"href":"https:\/\/wgphoto.pl\/t\/index.php?rest_route=\/wp\/v2\/posts\/6721","targetHints":{"allow":["GET"]}}],"collection":[{"href":"https:\/\/wgphoto.pl\/t\/index.php?rest_route=\/wp\/v2\/posts"}],"about":[{"href":"https:\/\/wgphoto.pl\/t\/index.php?rest_route=\/wp\/v2\/types\/post"}],"author":[{"embeddable":true,"href":"https:\/\/wgphoto.pl\/t\/index.php?rest_route=\/wp\/v2\/users\/1"}],"replies":[{"embeddable":true,"href":"https:\/\/wgphoto.pl\/t\/index.php?rest_route=%2Fwp%2Fv2%2Fcomments&post=6721"}],"version-history":[{"count":1,"href":"https:\/\/wgphoto.pl\/t\/index.php?rest_route=\/wp\/v2\/posts\/6721\/revisions"}],"predecessor-version":[{"id":6723,"href":"https:\/\/wgphoto.pl\/t\/index.php?rest_route=\/wp\/v2\/posts\/6721\/revisions\/6723"}],"wp:featuredmedia":[{"embeddable":true,"href":"https:\/\/wgphoto.pl\/t\/index.php?rest_route=\/wp\/v2\/media\/6722"}],"wp:attachment":[{"href":"https:\/\/wgphoto.pl\/t\/index.php?rest_route=%2Fwp%2Fv2%2Fmedia&parent=6721"}],"wp:term":[{"taxonomy":"category","embeddable":true,"href":"https:\/\/wgphoto.pl\/t\/index.php?rest_route=%2Fwp%2Fv2%2Fcategories&post=6721"},{"taxonomy":"post_tag","embeddable":true,"href":"https:\/\/wgphoto.pl\/t\/index.php?rest_route=%2Fwp%2Fv2%2Ftags&post=6721"}],"curies":[{"name":"wp","href":"https:\/\/api.w.org\/{rel}","templated":true}]}}