{"id":6750,"date":"2024-11-29T18:55:32","date_gmt":"2024-11-29T17:55:32","guid":{"rendered":"https:\/\/wgphoto.pl\/t\/?p=6750"},"modified":"2024-11-29T18:55:32","modified_gmt":"2024-11-29T17:55:32","slug":"o-nawiazaniu-do-poprzednich-zdjec","status":"publish","type":"post","link":"https:\/\/wgphoto.pl\/t\/?p=6750","title":{"rendered":"O nawi\u0105zaniu do poprzednich zdj\u0119\u0107"},"content":{"rendered":"\n<figure class=\"wp-block-image aligncenter size-full\"><img loading=\"lazy\" decoding=\"async\" width=\"1300\" height=\"862\" src=\"https:\/\/wgphoto.pl\/t\/wp-content\/uploads\/2024\/11\/0730-32.jpg\" alt=\"\" class=\"wp-image-6751\" srcset=\"https:\/\/wgphoto.pl\/t\/wp-content\/uploads\/2024\/11\/0730-32.jpg 1300w, https:\/\/wgphoto.pl\/t\/wp-content\/uploads\/2024\/11\/0730-32-300x199.jpg 300w, https:\/\/wgphoto.pl\/t\/wp-content\/uploads\/2024\/11\/0730-32-768x509.jpg 768w\" sizes=\"auto, (max-width: 1300px) 100vw, 1300px\" \/><\/figure>\n\n\n\n<div class=\"wp-block-group has-global-padding is-layout-constrained wp-block-group-is-layout-constrained\">\n<p>\u2026w postaci lokalizacji oraz element\u00f3w architektury peronowej. Maszyna 141.018-2 ze sk\u0142adem ustawiona jest tak, jakby mia\u0142a pojecha\u0107 do Nezamyslic, co pewnie nast\u0105pi za czas na tyle odleg\u0142y, \u017ce jeszcze poci\u0105gu nie wy\u015bwietlono na tablicach informacji pasa\u017cerskiej. 13.09.2007<\/p>\n<\/div>\n","protected":false},"excerpt":{"rendered":"<p>\u2026w postaci lokalizacji oraz element\u00f3w architektury peronowej. Maszyna 141.018-2 ze sk\u0142adem ustawiona jest tak, jakby mia\u0142a pojecha\u0107 do Nezamyslic, co pewnie nast\u0105pi za czas na tyle odleg\u0142y, \u017ce jeszcze poci\u0105gu nie wy\u015bwietlono na tablicach informacji pasa\u017cerskiej. 13.09.2007<\/p>\n","protected":false},"author":1,"featured_media":6751,"comment_status":"open","ping_status":"","sticky":false,"template":"","format":"standard","meta":{"footnotes":""},"categories":[62,2,96],"tags":[2444,2145,50,49,2147,2443,1012,24],"class_list":["post-6750","post","type-post","status-publish","format-standard","has-post-thumbnail","hentry","category-analog","category-kolej","category-rok-2007","tag-2444","tag-2007-09-13","tag-cd","tag-czechy","tag-czechy-po-raz-pierwszy","tag-olomouc-hlavni-nadrazi","tag-olomuniec","tag-perony"],"_links":{"self":[{"href":"https:\/\/wgphoto.pl\/t\/index.php?rest_route=\/wp\/v2\/posts\/6750","targetHints":{"allow":["GET"]}}],"collection":[{"href":"https:\/\/wgphoto.pl\/t\/index.php?rest_route=\/wp\/v2\/posts"}],"about":[{"href":"https:\/\/wgphoto.pl\/t\/index.php?rest_route=\/wp\/v2\/types\/post"}],"author":[{"embeddable":true,"href":"https:\/\/wgphoto.pl\/t\/index.php?rest_route=\/wp\/v2\/users\/1"}],"replies":[{"embeddable":true,"href":"https:\/\/wgphoto.pl\/t\/index.php?rest_route=%2Fwp%2Fv2%2Fcomments&post=6750"}],"version-history":[{"count":1,"href":"https:\/\/wgphoto.pl\/t\/index.php?rest_route=\/wp\/v2\/posts\/6750\/revisions"}],"predecessor-version":[{"id":6752,"href":"https:\/\/wgphoto.pl\/t\/index.php?rest_route=\/wp\/v2\/posts\/6750\/revisions\/6752"}],"wp:featuredmedia":[{"embeddable":true,"href":"https:\/\/wgphoto.pl\/t\/index.php?rest_route=\/wp\/v2\/media\/6751"}],"wp:attachment":[{"href":"https:\/\/wgphoto.pl\/t\/index.php?rest_route=%2Fwp%2Fv2%2Fmedia&parent=6750"}],"wp:term":[{"taxonomy":"category","embeddable":true,"href":"https:\/\/wgphoto.pl\/t\/index.php?rest_route=%2Fwp%2Fv2%2Fcategories&post=6750"},{"taxonomy":"post_tag","embeddable":true,"href":"https:\/\/wgphoto.pl\/t\/index.php?rest_route=%2Fwp%2Fv2%2Ftags&post=6750"}],"curies":[{"name":"wp","href":"https:\/\/api.w.org\/{rel}","templated":true}]}}