{"id":6753,"date":"2024-11-29T18:56:25","date_gmt":"2024-11-29T17:56:25","guid":{"rendered":"https:\/\/wgphoto.pl\/t\/?p=6753"},"modified":"2025-06-08T13:15:23","modified_gmt":"2025-06-08T11:15:23","slug":"o-spiewaniu","status":"publish","type":"post","link":"https:\/\/wgphoto.pl\/t\/?p=6753","title":{"rendered":"O \u015bpiewaniu"},"content":{"rendered":"\n<figure class=\"wp-block-image aligncenter size-full\"><img loading=\"lazy\" decoding=\"async\" width=\"1300\" height=\"862\" src=\"https:\/\/wgphoto.pl\/t\/wp-content\/uploads\/2024\/11\/0730-34.jpg\" alt=\"\" class=\"wp-image-6754\" srcset=\"https:\/\/wgphoto.pl\/t\/wp-content\/uploads\/2024\/11\/0730-34.jpg 1300w, https:\/\/wgphoto.pl\/t\/wp-content\/uploads\/2024\/11\/0730-34-300x199.jpg 300w, https:\/\/wgphoto.pl\/t\/wp-content\/uploads\/2024\/11\/0730-34-768x509.jpg 768w\" sizes=\"auto, (max-width: 1300px) 100vw, 1300px\" \/><\/figure>\n\n\n\n<div class=\"wp-block-group has-global-padding is-layout-constrained wp-block-group-is-layout-constrained\">\n<p>Dwie dwusystemowe lokomotywy serii 363 w peronach stacji Olomouc hl.n. Maszyna o numerze 006 pojedzie z poci\u0105giem pospiesznym 936 do Brna hl.n., 116 poprowadzi poci\u0105g osobowy 4221 do B\u0159eclavi. Po pierwszej &#8222;kolejowej&#8221; wizycie w Czechach (czyli tej w\u0142a\u015bnie) lokomotywy serii 1\/2\/363 bardzo mi przypad\u0142y do gustu, szczeg\u00f3lnie za spraw\u0105 &#8222;\u015bpiewu&#8221; tyrystor\u00f3w. Jad\u0105c poci\u0105giem 4221 zaj\u0105\u0142em wi\u0119c miejsce w pierwszym wagonie, by lepiej ten \u015bpiew s\u0142ysze\u0107. \ud83d\ude42 13.09.2007<\/p>\n<\/div>\n","protected":false},"excerpt":{"rendered":"<p>Dwie dwusystemowe lokomotywy serii 363 w peronach stacji Olomouc hl.n. Maszyna o numerze 006 pojedzie z poci\u0105giem pospiesznym 936 do Brna hl.n., 116 poprowadzi poci\u0105g osobowy 4221 do B\u0159eclavi. Po pierwszej &#8222;kolejowej&#8221; wizycie w Czechach (czyli tej w\u0142a\u015bnie) lokomotywy serii 1\/2\/363 bardzo mi przypad\u0142y do gustu, szczeg\u00f3lnie za spraw\u0105 &#8222;\u015bpiewu&#8221; tyrystor\u00f3w. Jad\u0105c poci\u0105giem 4221 zaj\u0105\u0142em [&hellip;]<\/p>\n","protected":false},"author":1,"featured_media":6754,"comment_status":"open","ping_status":"","sticky":false,"template":"","format":"standard","meta":{"footnotes":""},"categories":[62,2,96],"tags":[2145,51,50,49,2147,2443,1012,24],"class_list":["post-6753","post","type-post","status-publish","format-standard","has-post-thumbnail","hentry","category-analog","category-kolej","category-rok-2007","tag-2007-09-13","tag-51","tag-cd","tag-czechy","tag-czechy-po-raz-pierwszy","tag-olomouc-hlavni-nadrazi","tag-olomuniec","tag-perony"],"_links":{"self":[{"href":"https:\/\/wgphoto.pl\/t\/index.php?rest_route=\/wp\/v2\/posts\/6753","targetHints":{"allow":["GET"]}}],"collection":[{"href":"https:\/\/wgphoto.pl\/t\/index.php?rest_route=\/wp\/v2\/posts"}],"about":[{"href":"https:\/\/wgphoto.pl\/t\/index.php?rest_route=\/wp\/v2\/types\/post"}],"author":[{"embeddable":true,"href":"https:\/\/wgphoto.pl\/t\/index.php?rest_route=\/wp\/v2\/users\/1"}],"replies":[{"embeddable":true,"href":"https:\/\/wgphoto.pl\/t\/index.php?rest_route=%2Fwp%2Fv2%2Fcomments&post=6753"}],"version-history":[{"count":1,"href":"https:\/\/wgphoto.pl\/t\/index.php?rest_route=\/wp\/v2\/posts\/6753\/revisions"}],"predecessor-version":[{"id":6755,"href":"https:\/\/wgphoto.pl\/t\/index.php?rest_route=\/wp\/v2\/posts\/6753\/revisions\/6755"}],"wp:featuredmedia":[{"embeddable":true,"href":"https:\/\/wgphoto.pl\/t\/index.php?rest_route=\/wp\/v2\/media\/6754"}],"wp:attachment":[{"href":"https:\/\/wgphoto.pl\/t\/index.php?rest_route=%2Fwp%2Fv2%2Fmedia&parent=6753"}],"wp:term":[{"taxonomy":"category","embeddable":true,"href":"https:\/\/wgphoto.pl\/t\/index.php?rest_route=%2Fwp%2Fv2%2Fcategories&post=6753"},{"taxonomy":"post_tag","embeddable":true,"href":"https:\/\/wgphoto.pl\/t\/index.php?rest_route=%2Fwp%2Fv2%2Ftags&post=6753"}],"curies":[{"name":"wp","href":"https:\/\/api.w.org\/{rel}","templated":true}]}}