{"id":6756,"date":"2024-11-29T18:57:21","date_gmt":"2024-11-29T17:57:21","guid":{"rendered":"https:\/\/wgphoto.pl\/t\/?p=6756"},"modified":"2024-11-29T18:57:21","modified_gmt":"2024-11-29T17:57:21","slug":"pociag-je-we-wiosce","status":"publish","type":"post","link":"https:\/\/wgphoto.pl\/t\/?p=6756","title":{"rendered":"Poci\u0105g je we wiosce"},"content":{"rendered":"\n<figure class=\"wp-block-image aligncenter size-full\"><img loading=\"lazy\" decoding=\"async\" width=\"1300\" height=\"862\" src=\"https:\/\/wgphoto.pl\/t\/wp-content\/uploads\/2024\/11\/0611-14.jpg\" alt=\"\" class=\"wp-image-6757\" srcset=\"https:\/\/wgphoto.pl\/t\/wp-content\/uploads\/2024\/11\/0611-14.jpg 1300w, https:\/\/wgphoto.pl\/t\/wp-content\/uploads\/2024\/11\/0611-14-300x199.jpg 300w, https:\/\/wgphoto.pl\/t\/wp-content\/uploads\/2024\/11\/0611-14-768x509.jpg 768w\" sizes=\"auto, (max-width: 1300px) 100vw, 1300px\" \/><\/figure>\n\n\n\n<div class=\"wp-block-group has-global-padding is-layout-constrained wp-block-group-is-layout-constrained\">\n<p>SM42-618 z poci\u0105giem w kierunku Lw\u00f3wka \u015al\u0105skiego przeje\u017cd\u017ca przez Marcz\u00f3w. 28.06.2006<\/p>\n<\/div>\n","protected":false},"excerpt":{"rendered":"<p>SM42-618 z poci\u0105giem w kierunku Lw\u00f3wka \u015al\u0105skiego przeje\u017cd\u017ca przez Marcz\u00f3w. 28.06.2006<\/p>\n","protected":false},"author":1,"featured_media":6757,"comment_status":"open","ping_status":"","sticky":false,"template":"","format":"standard","meta":{"footnotes":""},"categories":[62,2,130],"tags":[2445,1395,63,27,473,363],"class_list":["post-6756","post","type-post","status-publish","format-standard","has-post-thumbnail","hentry","category-analog","category-kolej","category-rok-2006","tag-2006-06-28","tag-marczow","tag-pkp","tag-polska","tag-sm42","tag-tab-pl250"],"_links":{"self":[{"href":"https:\/\/wgphoto.pl\/t\/index.php?rest_route=\/wp\/v2\/posts\/6756","targetHints":{"allow":["GET"]}}],"collection":[{"href":"https:\/\/wgphoto.pl\/t\/index.php?rest_route=\/wp\/v2\/posts"}],"about":[{"href":"https:\/\/wgphoto.pl\/t\/index.php?rest_route=\/wp\/v2\/types\/post"}],"author":[{"embeddable":true,"href":"https:\/\/wgphoto.pl\/t\/index.php?rest_route=\/wp\/v2\/users\/1"}],"replies":[{"embeddable":true,"href":"https:\/\/wgphoto.pl\/t\/index.php?rest_route=%2Fwp%2Fv2%2Fcomments&post=6756"}],"version-history":[{"count":1,"href":"https:\/\/wgphoto.pl\/t\/index.php?rest_route=\/wp\/v2\/posts\/6756\/revisions"}],"predecessor-version":[{"id":6758,"href":"https:\/\/wgphoto.pl\/t\/index.php?rest_route=\/wp\/v2\/posts\/6756\/revisions\/6758"}],"wp:featuredmedia":[{"embeddable":true,"href":"https:\/\/wgphoto.pl\/t\/index.php?rest_route=\/wp\/v2\/media\/6757"}],"wp:attachment":[{"href":"https:\/\/wgphoto.pl\/t\/index.php?rest_route=%2Fwp%2Fv2%2Fmedia&parent=6756"}],"wp:term":[{"taxonomy":"category","embeddable":true,"href":"https:\/\/wgphoto.pl\/t\/index.php?rest_route=%2Fwp%2Fv2%2Fcategories&post=6756"},{"taxonomy":"post_tag","embeddable":true,"href":"https:\/\/wgphoto.pl\/t\/index.php?rest_route=%2Fwp%2Fv2%2Ftags&post=6756"}],"curies":[{"name":"wp","href":"https:\/\/api.w.org\/{rel}","templated":true}]}}