{"id":6762,"date":"2024-11-29T19:16:16","date_gmt":"2024-11-29T18:16:16","guid":{"rendered":"https:\/\/wgphoto.pl\/t\/?p=6762"},"modified":"2024-11-29T19:16:16","modified_gmt":"2024-11-29T18:16:16","slug":"handelek","status":"publish","type":"post","link":"https:\/\/wgphoto.pl\/t\/?p=6762","title":{"rendered":"Handelek"},"content":{"rendered":"\n<figure class=\"wp-block-image aligncenter size-full\"><img loading=\"lazy\" decoding=\"async\" width=\"1300\" height=\"862\" src=\"https:\/\/wgphoto.pl\/t\/wp-content\/uploads\/2024\/11\/0620-22.jpg\" alt=\"\" class=\"wp-image-6763\" srcset=\"https:\/\/wgphoto.pl\/t\/wp-content\/uploads\/2024\/11\/0620-22.jpg 1300w, https:\/\/wgphoto.pl\/t\/wp-content\/uploads\/2024\/11\/0620-22-300x199.jpg 300w, https:\/\/wgphoto.pl\/t\/wp-content\/uploads\/2024\/11\/0620-22-768x509.jpg 768w\" sizes=\"auto, (max-width: 1300px) 100vw, 1300px\" \/><\/figure>\n\n\n\n<div class=\"wp-block-group has-global-padding is-layout-constrained wp-block-group-is-layout-constrained\">\n<p>Wroc\u0142aw, skrzy\u017cowanie ul. O\u0142awskiej, Skargi i B\u0142. Czes\u0142awa, b\u0142\u0119dnie nazywane placem Dominika\u0144skim. W\u0142a\u015bnie tamt\u0119dy przeje\u017cd\u017ca nieistniej\u0105cy ju\u017c od wielu lat sk\u0142ad 105Na 2302+2303. 21.08.2006<\/p>\n<\/div>\n","protected":false},"excerpt":{"rendered":"<p>Wroc\u0142aw, skrzy\u017cowanie ul. O\u0142awskiej, Skargi i B\u0142. Czes\u0142awa, b\u0142\u0119dnie nazywane placem Dominika\u0144skim. W\u0142a\u015bnie tamt\u0119dy przeje\u017cd\u017ca nieistniej\u0105cy ju\u017c od wielu lat sk\u0142ad 105Na 2302+2303. 21.08.2006<\/p>\n","protected":false},"author":1,"featured_media":6763,"comment_status":"open","ping_status":"","sticky":false,"template":"","format":"standard","meta":{"footnotes":""},"categories":[62,130,3],"tags":[155,2448,151,42,27,41],"class_list":["post-6762","post","type-post","status-publish","format-standard","has-post-thumbnail","hentry","category-analog","category-rok-2006","category-tramwaj","tag-105na","tag-2006-08-21","tag-ludzie","tag-mpk-wroclaw","tag-polska","tag-wroclaw"],"_links":{"self":[{"href":"https:\/\/wgphoto.pl\/t\/index.php?rest_route=\/wp\/v2\/posts\/6762","targetHints":{"allow":["GET"]}}],"collection":[{"href":"https:\/\/wgphoto.pl\/t\/index.php?rest_route=\/wp\/v2\/posts"}],"about":[{"href":"https:\/\/wgphoto.pl\/t\/index.php?rest_route=\/wp\/v2\/types\/post"}],"author":[{"embeddable":true,"href":"https:\/\/wgphoto.pl\/t\/index.php?rest_route=\/wp\/v2\/users\/1"}],"replies":[{"embeddable":true,"href":"https:\/\/wgphoto.pl\/t\/index.php?rest_route=%2Fwp%2Fv2%2Fcomments&post=6762"}],"version-history":[{"count":1,"href":"https:\/\/wgphoto.pl\/t\/index.php?rest_route=\/wp\/v2\/posts\/6762\/revisions"}],"predecessor-version":[{"id":6764,"href":"https:\/\/wgphoto.pl\/t\/index.php?rest_route=\/wp\/v2\/posts\/6762\/revisions\/6764"}],"wp:featuredmedia":[{"embeddable":true,"href":"https:\/\/wgphoto.pl\/t\/index.php?rest_route=\/wp\/v2\/media\/6763"}],"wp:attachment":[{"href":"https:\/\/wgphoto.pl\/t\/index.php?rest_route=%2Fwp%2Fv2%2Fmedia&parent=6762"}],"wp:term":[{"taxonomy":"category","embeddable":true,"href":"https:\/\/wgphoto.pl\/t\/index.php?rest_route=%2Fwp%2Fv2%2Fcategories&post=6762"},{"taxonomy":"post_tag","embeddable":true,"href":"https:\/\/wgphoto.pl\/t\/index.php?rest_route=%2Fwp%2Fv2%2Ftags&post=6762"}],"curies":[{"name":"wp","href":"https:\/\/api.w.org\/{rel}","templated":true}]}}