{"id":6774,"date":"2024-12-01T13:38:26","date_gmt":"2024-12-01T12:38:26","guid":{"rendered":"https:\/\/wgphoto.pl\/t\/?p=6774"},"modified":"2024-12-01T13:38:26","modified_gmt":"2024-12-01T12:38:26","slug":"w-zielonej-krainie-wsrod-zielska","status":"publish","type":"post","link":"https:\/\/wgphoto.pl\/t\/?p=6774","title":{"rendered":"W zielonej krainie w\u015br\u00f3d zielska"},"content":{"rendered":"\n<figure class=\"wp-block-image aligncenter size-full\"><img loading=\"lazy\" decoding=\"async\" width=\"1300\" height=\"862\" src=\"https:\/\/wgphoto.pl\/t\/wp-content\/uploads\/2024\/12\/0516-07.jpg\" alt=\"\" class=\"wp-image-6775\" srcset=\"https:\/\/wgphoto.pl\/t\/wp-content\/uploads\/2024\/12\/0516-07.jpg 1300w, https:\/\/wgphoto.pl\/t\/wp-content\/uploads\/2024\/12\/0516-07-300x199.jpg 300w, https:\/\/wgphoto.pl\/t\/wp-content\/uploads\/2024\/12\/0516-07-768x509.jpg 768w\" sizes=\"auto, (max-width: 1300px) 100vw, 1300px\" \/><\/figure>\n\n\n\n<div class=\"wp-block-group has-global-padding is-layout-constrained wp-block-group-is-layout-constrained\">\n<p>Lokomotywa SU45-187 z poci\u0105giem osobowym 33239 z Leszna do Wolsztyna niedawno odjecha\u0142a ze stacji pocz\u0105tkowej. 17.07.2005<\/p>\n<\/div>\n","protected":false},"excerpt":{"rendered":"<p>Lokomotywa SU45-187 z poci\u0105giem osobowym 33239 z Leszna do Wolsztyna niedawno odjecha\u0142a ze stacji pocz\u0105tkowej. 17.07.2005<\/p>\n","protected":false},"author":1,"featured_media":6775,"comment_status":"open","ping_status":"","sticky":false,"template":"","format":"standard","meta":{"footnotes":""},"categories":[62,2,311],"tags":[2371,513,63,27,290,721],"class_list":["post-6774","post","type-post","status-publish","format-standard","has-post-thumbnail","hentry","category-analog","category-kolej","category-rok-2005","tag-2005-07-17","tag-leszno","tag-pkp","tag-polska","tag-su45","tag-tab-pl328"],"_links":{"self":[{"href":"https:\/\/wgphoto.pl\/t\/index.php?rest_route=\/wp\/v2\/posts\/6774","targetHints":{"allow":["GET"]}}],"collection":[{"href":"https:\/\/wgphoto.pl\/t\/index.php?rest_route=\/wp\/v2\/posts"}],"about":[{"href":"https:\/\/wgphoto.pl\/t\/index.php?rest_route=\/wp\/v2\/types\/post"}],"author":[{"embeddable":true,"href":"https:\/\/wgphoto.pl\/t\/index.php?rest_route=\/wp\/v2\/users\/1"}],"replies":[{"embeddable":true,"href":"https:\/\/wgphoto.pl\/t\/index.php?rest_route=%2Fwp%2Fv2%2Fcomments&post=6774"}],"version-history":[{"count":1,"href":"https:\/\/wgphoto.pl\/t\/index.php?rest_route=\/wp\/v2\/posts\/6774\/revisions"}],"predecessor-version":[{"id":6776,"href":"https:\/\/wgphoto.pl\/t\/index.php?rest_route=\/wp\/v2\/posts\/6774\/revisions\/6776"}],"wp:featuredmedia":[{"embeddable":true,"href":"https:\/\/wgphoto.pl\/t\/index.php?rest_route=\/wp\/v2\/media\/6775"}],"wp:attachment":[{"href":"https:\/\/wgphoto.pl\/t\/index.php?rest_route=%2Fwp%2Fv2%2Fmedia&parent=6774"}],"wp:term":[{"taxonomy":"category","embeddable":true,"href":"https:\/\/wgphoto.pl\/t\/index.php?rest_route=%2Fwp%2Fv2%2Fcategories&post=6774"},{"taxonomy":"post_tag","embeddable":true,"href":"https:\/\/wgphoto.pl\/t\/index.php?rest_route=%2Fwp%2Fv2%2Ftags&post=6774"}],"curies":[{"name":"wp","href":"https:\/\/api.w.org\/{rel}","templated":true}]}}