{"id":6777,"date":"2024-12-01T13:40:18","date_gmt":"2024-12-01T12:40:18","guid":{"rendered":"https:\/\/wgphoto.pl\/t\/?p=6777"},"modified":"2024-12-01T13:40:43","modified_gmt":"2024-12-01T12:40:43","slug":"st43-386-i-108-w-pionie","status":"publish","type":"post","link":"https:\/\/wgphoto.pl\/t\/?p=6777","title":{"rendered":"ST43-386 i 108 w pionie"},"content":{"rendered":"\n<figure class=\"wp-block-image aligncenter size-full\"><img loading=\"lazy\" decoding=\"async\" width=\"811\" height=\"1050\" src=\"https:\/\/wgphoto.pl\/t\/wp-content\/uploads\/2024\/12\/IMGP6203-1.jpg\" alt=\"\" class=\"wp-image-6780\" srcset=\"https:\/\/wgphoto.pl\/t\/wp-content\/uploads\/2024\/12\/IMGP6203-1.jpg 811w, https:\/\/wgphoto.pl\/t\/wp-content\/uploads\/2024\/12\/IMGP6203-1-232x300.jpg 232w, https:\/\/wgphoto.pl\/t\/wp-content\/uploads\/2024\/12\/IMGP6203-1-768x994.jpg 768w\" sizes=\"auto, (max-width: 811px) 100vw, 811px\" \/><\/figure>\n\n\n\n<div class=\"wp-block-group has-global-padding is-layout-constrained wp-block-group-is-layout-constrained\">\n<p>Na kolejnej klatce wzgl\u0119dem tego zdj\u0119cia (by\u0142o tu jakie\u015b zalinkowane na starej www) ods\u0142ania si\u0119 jeszcze drugi bohater. Przy okazji wida\u0107 te\u017c ewolucj\u0119 moich umiej\u0119tno\u015bci obr\u00f3bkowych. \ud83d\ude09 02.07.2009<\/p>\n<\/div>\n","protected":false},"excerpt":{"rendered":"<p>Na kolejnej klatce wzgl\u0119dem tego zdj\u0119cia (by\u0142o tu jakie\u015b zalinkowane na starej www) ods\u0142ania si\u0119 jeszcze drugi bohater. Przy okazji wida\u0107 te\u017c ewolucj\u0119 moich umiej\u0119tno\u015bci obr\u00f3bkowych. \ud83d\ude09 02.07.2009<\/p>\n","protected":false},"author":1,"featured_media":6780,"comment_status":"open","ping_status":"","sticky":false,"template":"","format":"standard","meta":{"footnotes":""},"categories":[2,169],"tags":[2056,230,1067,173,389,63,27,1968,64,319],"class_list":["post-6777","post","type-post","status-publish","format-standard","has-post-thumbnail","hentry","category-kolej","category-rok-2009","tag-2009-07-02","tag-infrastruktura","tag-kamyki","tag-koncowki","tag-mijanka","tag-pkp","tag-polska","tag-rogoznica","tag-st43","tag-tab-pl235"],"_links":{"self":[{"href":"https:\/\/wgphoto.pl\/t\/index.php?rest_route=\/wp\/v2\/posts\/6777","targetHints":{"allow":["GET"]}}],"collection":[{"href":"https:\/\/wgphoto.pl\/t\/index.php?rest_route=\/wp\/v2\/posts"}],"about":[{"href":"https:\/\/wgphoto.pl\/t\/index.php?rest_route=\/wp\/v2\/types\/post"}],"author":[{"embeddable":true,"href":"https:\/\/wgphoto.pl\/t\/index.php?rest_route=\/wp\/v2\/users\/1"}],"replies":[{"embeddable":true,"href":"https:\/\/wgphoto.pl\/t\/index.php?rest_route=%2Fwp%2Fv2%2Fcomments&post=6777"}],"version-history":[{"count":1,"href":"https:\/\/wgphoto.pl\/t\/index.php?rest_route=\/wp\/v2\/posts\/6777\/revisions"}],"predecessor-version":[{"id":6781,"href":"https:\/\/wgphoto.pl\/t\/index.php?rest_route=\/wp\/v2\/posts\/6777\/revisions\/6781"}],"wp:featuredmedia":[{"embeddable":true,"href":"https:\/\/wgphoto.pl\/t\/index.php?rest_route=\/wp\/v2\/media\/6780"}],"wp:attachment":[{"href":"https:\/\/wgphoto.pl\/t\/index.php?rest_route=%2Fwp%2Fv2%2Fmedia&parent=6777"}],"wp:term":[{"taxonomy":"category","embeddable":true,"href":"https:\/\/wgphoto.pl\/t\/index.php?rest_route=%2Fwp%2Fv2%2Fcategories&post=6777"},{"taxonomy":"post_tag","embeddable":true,"href":"https:\/\/wgphoto.pl\/t\/index.php?rest_route=%2Fwp%2Fv2%2Ftags&post=6777"}],"curies":[{"name":"wp","href":"https:\/\/api.w.org\/{rel}","templated":true}]}}