{"id":6782,"date":"2024-12-01T13:41:50","date_gmt":"2024-12-01T12:41:50","guid":{"rendered":"https:\/\/wgphoto.pl\/t\/?p=6782"},"modified":"2024-12-01T13:41:50","modified_gmt":"2024-12-01T12:41:50","slug":"zakamarki-lizbony","status":"publish","type":"post","link":"https:\/\/wgphoto.pl\/t\/?p=6782","title":{"rendered":"Zakamarki Lizbony"},"content":{"rendered":"\n<figure class=\"wp-block-image aligncenter size-full\"><img loading=\"lazy\" decoding=\"async\" width=\"1300\" height=\"870\" src=\"https:\/\/wgphoto.pl\/t\/wp-content\/uploads\/2024\/12\/IMGP7338.jpg\" alt=\"\" class=\"wp-image-6783\" srcset=\"https:\/\/wgphoto.pl\/t\/wp-content\/uploads\/2024\/12\/IMGP7338.jpg 1300w, https:\/\/wgphoto.pl\/t\/wp-content\/uploads\/2024\/12\/IMGP7338-300x201.jpg 300w, https:\/\/wgphoto.pl\/t\/wp-content\/uploads\/2024\/12\/IMGP7338-768x514.jpg 768w\" sizes=\"auto, (max-width: 1300px) 100vw, 1300px\" \/><\/figure>\n\n\n\n<div class=\"wp-block-group has-global-padding is-layout-constrained wp-block-group-is-layout-constrained\">\n<p>Widok na Rua das Escolas Gerais w Lizbonie. Tramwaj stoi w\u0142a\u015bnie na przystanku, kt\u00f3rego po\u0142o\u017cenie zdradza niepozorna, \u017c\u00f3\u0142ta tabliczka, zawieszona systemem radzieckim na odci\u0105gu sieci trakcyjnej. 06.09.2010<\/p>\n<\/div>\n","protected":false},"excerpt":{"rendered":"<p>Widok na Rua das Escolas Gerais w Lizbonie. Tramwaj stoi w\u0142a\u015bnie na przystanku, kt\u00f3rego po\u0142o\u017cenie zdradza niepozorna, \u017c\u00f3\u0142ta tabliczka, zawieszona systemem radzieckim na odci\u0105gu sieci trakcyjnej. 06.09.2010<\/p>\n","protected":false},"author":1,"featured_media":6783,"comment_status":"open","ping_status":"","sticky":false,"template":"","format":"standard","meta":{"footnotes":""},"categories":[86,3],"tags":[300,299,298,151,297,588],"class_list":["post-6782","post","type-post","status-publish","format-standard","has-post-thumbnail","hentry","category-rok-2010","category-tramwaj","tag-2010-09-06","tag-carris-lisboa","tag-lizbona","tag-ludzie","tag-portugalia","tag-remodelado"],"_links":{"self":[{"href":"https:\/\/wgphoto.pl\/t\/index.php?rest_route=\/wp\/v2\/posts\/6782","targetHints":{"allow":["GET"]}}],"collection":[{"href":"https:\/\/wgphoto.pl\/t\/index.php?rest_route=\/wp\/v2\/posts"}],"about":[{"href":"https:\/\/wgphoto.pl\/t\/index.php?rest_route=\/wp\/v2\/types\/post"}],"author":[{"embeddable":true,"href":"https:\/\/wgphoto.pl\/t\/index.php?rest_route=\/wp\/v2\/users\/1"}],"replies":[{"embeddable":true,"href":"https:\/\/wgphoto.pl\/t\/index.php?rest_route=%2Fwp%2Fv2%2Fcomments&post=6782"}],"version-history":[{"count":1,"href":"https:\/\/wgphoto.pl\/t\/index.php?rest_route=\/wp\/v2\/posts\/6782\/revisions"}],"predecessor-version":[{"id":6784,"href":"https:\/\/wgphoto.pl\/t\/index.php?rest_route=\/wp\/v2\/posts\/6782\/revisions\/6784"}],"wp:featuredmedia":[{"embeddable":true,"href":"https:\/\/wgphoto.pl\/t\/index.php?rest_route=\/wp\/v2\/media\/6783"}],"wp:attachment":[{"href":"https:\/\/wgphoto.pl\/t\/index.php?rest_route=%2Fwp%2Fv2%2Fmedia&parent=6782"}],"wp:term":[{"taxonomy":"category","embeddable":true,"href":"https:\/\/wgphoto.pl\/t\/index.php?rest_route=%2Fwp%2Fv2%2Fcategories&post=6782"},{"taxonomy":"post_tag","embeddable":true,"href":"https:\/\/wgphoto.pl\/t\/index.php?rest_route=%2Fwp%2Fv2%2Ftags&post=6782"}],"curies":[{"name":"wp","href":"https:\/\/api.w.org\/{rel}","templated":true}]}}