{"id":6792,"date":"2024-12-01T13:47:14","date_gmt":"2024-12-01T12:47:14","guid":{"rendered":"https:\/\/wgphoto.pl\/t\/?p=6792"},"modified":"2024-12-01T13:47:14","modified_gmt":"2024-12-01T12:47:14","slug":"tramwajem-do-fabryki","status":"publish","type":"post","link":"https:\/\/wgphoto.pl\/t\/?p=6792","title":{"rendered":"Tramwajem do fabryki"},"content":{"rendered":"\n<figure class=\"wp-block-image aligncenter size-full\"><img loading=\"lazy\" decoding=\"async\" width=\"1200\" height=\"900\" src=\"https:\/\/wgphoto.pl\/t\/wp-content\/uploads\/2024\/12\/IMGP0434.jpg\" alt=\"\" class=\"wp-image-6793\" srcset=\"https:\/\/wgphoto.pl\/t\/wp-content\/uploads\/2024\/12\/IMGP0434.jpg 1200w, https:\/\/wgphoto.pl\/t\/wp-content\/uploads\/2024\/12\/IMGP0434-300x225.jpg 300w, https:\/\/wgphoto.pl\/t\/wp-content\/uploads\/2024\/12\/IMGP0434-768x576.jpg 768w\" sizes=\"auto, (max-width: 1200px) 100vw, 1200px\" \/><\/figure>\n\n\n\n<div class=\"wp-block-group has-global-padding is-layout-constrained wp-block-group-is-layout-constrained\">\n<p>Litv\u00ednov, Z\u00e1lu\u017e\u00ed. Tatra T3M.3 305 mija zak\u0142ady Chemopetrol, zlokalizowane mi\u0119dzy Mostem a Litv\u00ednovem. 21.09.2020<\/p>\n<\/div>\n","protected":false},"excerpt":{"rendered":"<p>Litv\u00ednov, Z\u00e1lu\u017e\u00ed. Tatra T3M.3 305 mija zak\u0142ady Chemopetrol, zlokalizowane mi\u0119dzy Mostem a Litv\u00ednovem. 21.09.2020<\/p>\n","protected":false},"author":1,"featured_media":6793,"comment_status":"open","ping_status":"","sticky":false,"template":"","format":"standard","meta":{"footnotes":""},"categories":[676,3],"tags":[2356,49,2003,1684,303,2453,1011,561],"class_list":["post-6792","post","type-post","status-publish","format-standard","has-post-thumbnail","hentry","category-rok-2020","category-tramwaj","tag-2020-09-21","tag-czechy","tag-czeskie-wakacje-2020","tag-dp-most","tag-industrial","tag-litvinov","tag-tatra-t3","tag-tramwaj-podmiejski"],"_links":{"self":[{"href":"https:\/\/wgphoto.pl\/t\/index.php?rest_route=\/wp\/v2\/posts\/6792","targetHints":{"allow":["GET"]}}],"collection":[{"href":"https:\/\/wgphoto.pl\/t\/index.php?rest_route=\/wp\/v2\/posts"}],"about":[{"href":"https:\/\/wgphoto.pl\/t\/index.php?rest_route=\/wp\/v2\/types\/post"}],"author":[{"embeddable":true,"href":"https:\/\/wgphoto.pl\/t\/index.php?rest_route=\/wp\/v2\/users\/1"}],"replies":[{"embeddable":true,"href":"https:\/\/wgphoto.pl\/t\/index.php?rest_route=%2Fwp%2Fv2%2Fcomments&post=6792"}],"version-history":[{"count":1,"href":"https:\/\/wgphoto.pl\/t\/index.php?rest_route=\/wp\/v2\/posts\/6792\/revisions"}],"predecessor-version":[{"id":6794,"href":"https:\/\/wgphoto.pl\/t\/index.php?rest_route=\/wp\/v2\/posts\/6792\/revisions\/6794"}],"wp:featuredmedia":[{"embeddable":true,"href":"https:\/\/wgphoto.pl\/t\/index.php?rest_route=\/wp\/v2\/media\/6793"}],"wp:attachment":[{"href":"https:\/\/wgphoto.pl\/t\/index.php?rest_route=%2Fwp%2Fv2%2Fmedia&parent=6792"}],"wp:term":[{"taxonomy":"category","embeddable":true,"href":"https:\/\/wgphoto.pl\/t\/index.php?rest_route=%2Fwp%2Fv2%2Fcategories&post=6792"},{"taxonomy":"post_tag","embeddable":true,"href":"https:\/\/wgphoto.pl\/t\/index.php?rest_route=%2Fwp%2Fv2%2Ftags&post=6792"}],"curies":[{"name":"wp","href":"https:\/\/api.w.org\/{rel}","templated":true}]}}