{"id":6795,"date":"2024-12-01T13:48:26","date_gmt":"2024-12-01T12:48:26","guid":{"rendered":"https:\/\/wgphoto.pl\/t\/?p=6795"},"modified":"2024-12-01T13:48:26","modified_gmt":"2024-12-01T12:48:26","slug":"szczegoly-swiadcza-o-doskonalosci","status":"publish","type":"post","link":"https:\/\/wgphoto.pl\/t\/?p=6795","title":{"rendered":"Szczeg\u00f3\u0142y \u015bwiadcz\u0105 o doskona\u0142o\u015bci"},"content":{"rendered":"\n<figure class=\"wp-block-image aligncenter size-full\"><img loading=\"lazy\" decoding=\"async\" width=\"1300\" height=\"862\" src=\"https:\/\/wgphoto.pl\/t\/wp-content\/uploads\/2024\/12\/2002p-02a.jpg\" alt=\"\" class=\"wp-image-6796\" srcset=\"https:\/\/wgphoto.pl\/t\/wp-content\/uploads\/2024\/12\/2002p-02a.jpg 1300w, https:\/\/wgphoto.pl\/t\/wp-content\/uploads\/2024\/12\/2002p-02a-300x199.jpg 300w, https:\/\/wgphoto.pl\/t\/wp-content\/uploads\/2024\/12\/2002p-02a-768x509.jpg 768w\" sizes=\"auto, (max-width: 1300px) 100vw, 1300px\" \/><\/figure>\n\n\n\n<div class=\"wp-block-group has-global-padding is-layout-constrained wp-block-group-is-layout-constrained\">\n<p>SP42-205 z CM Gdynia z poci\u0105giem osobowym 2239 z Chojnic mija semafor wjazdowy do Ko\u015bcierzyny. Gdyby nie drobny niuans, kt\u00f3ry z pewno\u015bci\u0105 zauwa\u017cyli\u015bcie, foto by\u0142oby wr\u0119cz wybitne jak na dat\u0119 wykonania, ale i tak je lubi\u0119, a walor historyczny podnosz\u0105 dodatkowo ostatnie &#8222;ryflaki&#8221; w planowym ruchu na PKP. 03.07.2002<\/p>\n<\/div>\n","protected":false},"excerpt":{"rendered":"<p>SP42-205 z CM Gdynia z poci\u0105giem osobowym 2239 z Chojnic mija semafor wjazdowy do Ko\u015bcierzyny. Gdyby nie drobny niuans, kt\u00f3ry z pewno\u015bci\u0105 zauwa\u017cyli\u015bcie, foto by\u0142oby wr\u0119cz wybitne jak na dat\u0119 wykonania, ale i tak je lubi\u0119, a walor historyczny podnosz\u0105 dodatkowo ostatnie &#8222;ryflaki&#8221; w planowym ruchu na PKP. 03.07.2002<\/p>\n","protected":false},"author":1,"featured_media":6796,"comment_status":"open","ping_status":"","sticky":false,"template":"","format":"standard","meta":{"footnotes":""},"categories":[62,2,577],"tags":[2455,984,27,316,53,2454],"class_list":["post-6795","post","type-post","status-publish","format-standard","has-post-thumbnail","hentry","category-analog","category-kolej","category-rok-2002","tag-2002-07-03","tag-koscierzyna","tag-polska","tag-sp42","tag-sygnalizacja-ksztaltowa","tag-tab-pl424"],"_links":{"self":[{"href":"https:\/\/wgphoto.pl\/t\/index.php?rest_route=\/wp\/v2\/posts\/6795","targetHints":{"allow":["GET"]}}],"collection":[{"href":"https:\/\/wgphoto.pl\/t\/index.php?rest_route=\/wp\/v2\/posts"}],"about":[{"href":"https:\/\/wgphoto.pl\/t\/index.php?rest_route=\/wp\/v2\/types\/post"}],"author":[{"embeddable":true,"href":"https:\/\/wgphoto.pl\/t\/index.php?rest_route=\/wp\/v2\/users\/1"}],"replies":[{"embeddable":true,"href":"https:\/\/wgphoto.pl\/t\/index.php?rest_route=%2Fwp%2Fv2%2Fcomments&post=6795"}],"version-history":[{"count":1,"href":"https:\/\/wgphoto.pl\/t\/index.php?rest_route=\/wp\/v2\/posts\/6795\/revisions"}],"predecessor-version":[{"id":6797,"href":"https:\/\/wgphoto.pl\/t\/index.php?rest_route=\/wp\/v2\/posts\/6795\/revisions\/6797"}],"wp:featuredmedia":[{"embeddable":true,"href":"https:\/\/wgphoto.pl\/t\/index.php?rest_route=\/wp\/v2\/media\/6796"}],"wp:attachment":[{"href":"https:\/\/wgphoto.pl\/t\/index.php?rest_route=%2Fwp%2Fv2%2Fmedia&parent=6795"}],"wp:term":[{"taxonomy":"category","embeddable":true,"href":"https:\/\/wgphoto.pl\/t\/index.php?rest_route=%2Fwp%2Fv2%2Fcategories&post=6795"},{"taxonomy":"post_tag","embeddable":true,"href":"https:\/\/wgphoto.pl\/t\/index.php?rest_route=%2Fwp%2Fv2%2Ftags&post=6795"}],"curies":[{"name":"wp","href":"https:\/\/api.w.org\/{rel}","templated":true}]}}