{"id":6798,"date":"2024-12-01T13:49:31","date_gmt":"2024-12-01T12:49:31","guid":{"rendered":"https:\/\/wgphoto.pl\/t\/?p=6798"},"modified":"2024-12-01T13:49:31","modified_gmt":"2024-12-01T12:49:31","slug":"wyprzedzanka","status":"publish","type":"post","link":"https:\/\/wgphoto.pl\/t\/?p=6798","title":{"rendered":"Wyprzedzanka"},"content":{"rendered":"\n<figure class=\"wp-block-image aligncenter size-full\"><img loading=\"lazy\" decoding=\"async\" width=\"1300\" height=\"861\" src=\"https:\/\/wgphoto.pl\/t\/wp-content\/uploads\/2024\/12\/IMGP2504-1.jpg\" alt=\"\" class=\"wp-image-6799\" srcset=\"https:\/\/wgphoto.pl\/t\/wp-content\/uploads\/2024\/12\/IMGP2504-1.jpg 1300w, https:\/\/wgphoto.pl\/t\/wp-content\/uploads\/2024\/12\/IMGP2504-1-300x199.jpg 300w, https:\/\/wgphoto.pl\/t\/wp-content\/uploads\/2024\/12\/IMGP2504-1-768x509.jpg 768w\" sizes=\"auto, (max-width: 1300px) 100vw, 1300px\" \/><\/figure>\n\n\n\n<div class=\"wp-block-group has-global-padding is-layout-constrained wp-block-group-is-layout-constrained\">\n<p>Jablonec nad Nisou, Prose\u010d nad Nisou v\u00fdhybna. Mijank\u0119 wykorzystuje si\u0119 zazwyczaj do mijania tramwaj\u00f3w, ale tym razem pos\u0142u\u017cy\u0142a do wyprzedzania. Wagon T3R.PLF 45 uleg\u0142 awarii i kolejna brygada w postaci Tatry T3R.PLF 42 wjecha\u0142a na mijank\u0119 prawym torem (czyli w tym przypadku przeciwnym do zasadniczego, obowi\u0105zuje tu bowiem wyj\u0105tkowo ruch lewostronny), wycofa\u0142a, sprz\u0119gn\u0119\u0142a si\u0119 z pechowym tramwajem i \u015bci\u0105gn\u0119\u0142a go do zajezdni, zabieraj\u0105c oczywi\u015bcie po drodze pasa\u017cer\u00f3w. 20.06.2021<\/p>\n<\/div>\n","protected":false},"excerpt":{"rendered":"<p>Jablonec nad Nisou, Prose\u010d nad Nisou v\u00fdhybna. Mijank\u0119 wykorzystuje si\u0119 zazwyczaj do mijania tramwaj\u00f3w, ale tym razem pos\u0142u\u017cy\u0142a do wyprzedzania. Wagon T3R.PLF 45 uleg\u0142 awarii i kolejna brygada w postaci Tatry T3R.PLF 42 wjecha\u0142a na mijank\u0119 prawym torem (czyli w tym przypadku przeciwnym do zasadniczego, obowi\u0105zuje tu bowiem wyj\u0105tkowo ruch lewostronny), wycofa\u0142a, sprz\u0119gn\u0119\u0142a si\u0119 z [&hellip;]<\/p>\n","protected":false},"author":1,"featured_media":6799,"comment_status":"open","ping_status":"","sticky":false,"template":"","format":"standard","meta":{"footnotes":""},"categories":[681,3],"tags":[2456,49,875,876,389,1011,561],"class_list":["post-6798","post","type-post","status-publish","format-standard","has-post-thumbnail","hentry","category-rok-2021","category-tramwaj","tag-2021-06-20","tag-czechy","tag-dpmlj-liberec","tag-jablonec-nad-nisou","tag-mijanka","tag-tatra-t3","tag-tramwaj-podmiejski"],"_links":{"self":[{"href":"https:\/\/wgphoto.pl\/t\/index.php?rest_route=\/wp\/v2\/posts\/6798","targetHints":{"allow":["GET"]}}],"collection":[{"href":"https:\/\/wgphoto.pl\/t\/index.php?rest_route=\/wp\/v2\/posts"}],"about":[{"href":"https:\/\/wgphoto.pl\/t\/index.php?rest_route=\/wp\/v2\/types\/post"}],"author":[{"embeddable":true,"href":"https:\/\/wgphoto.pl\/t\/index.php?rest_route=\/wp\/v2\/users\/1"}],"replies":[{"embeddable":true,"href":"https:\/\/wgphoto.pl\/t\/index.php?rest_route=%2Fwp%2Fv2%2Fcomments&post=6798"}],"version-history":[{"count":1,"href":"https:\/\/wgphoto.pl\/t\/index.php?rest_route=\/wp\/v2\/posts\/6798\/revisions"}],"predecessor-version":[{"id":6800,"href":"https:\/\/wgphoto.pl\/t\/index.php?rest_route=\/wp\/v2\/posts\/6798\/revisions\/6800"}],"wp:featuredmedia":[{"embeddable":true,"href":"https:\/\/wgphoto.pl\/t\/index.php?rest_route=\/wp\/v2\/media\/6799"}],"wp:attachment":[{"href":"https:\/\/wgphoto.pl\/t\/index.php?rest_route=%2Fwp%2Fv2%2Fmedia&parent=6798"}],"wp:term":[{"taxonomy":"category","embeddable":true,"href":"https:\/\/wgphoto.pl\/t\/index.php?rest_route=%2Fwp%2Fv2%2Fcategories&post=6798"},{"taxonomy":"post_tag","embeddable":true,"href":"https:\/\/wgphoto.pl\/t\/index.php?rest_route=%2Fwp%2Fv2%2Ftags&post=6798"}],"curies":[{"name":"wp","href":"https:\/\/api.w.org\/{rel}","templated":true}]}}