{"id":6804,"date":"2024-12-01T13:51:28","date_gmt":"2024-12-01T12:51:28","guid":{"rendered":"https:\/\/wgphoto.pl\/t\/?p=6804"},"modified":"2026-01-03T13:58:57","modified_gmt":"2026-01-03T12:58:57","slug":"monumentalna-wielkomiejskosc","status":"publish","type":"post","link":"https:\/\/wgphoto.pl\/t\/?p=6804","title":{"rendered":"Monumentalna wielkomiejsko\u015b\u0107"},"content":{"rendered":"\n<figure class=\"wp-block-image aligncenter size-full\"><img loading=\"lazy\" decoding=\"async\" width=\"1200\" height=\"900\" src=\"https:\/\/wgphoto.pl\/t\/wp-content\/uploads\/2024\/12\/IMGP1010.jpg\" alt=\"\" class=\"wp-image-6805\" srcset=\"https:\/\/wgphoto.pl\/t\/wp-content\/uploads\/2024\/12\/IMGP1010.jpg 1200w, https:\/\/wgphoto.pl\/t\/wp-content\/uploads\/2024\/12\/IMGP1010-300x225.jpg 300w, https:\/\/wgphoto.pl\/t\/wp-content\/uploads\/2024\/12\/IMGP1010-768x576.jpg 768w\" sizes=\"auto, (max-width: 1200px) 100vw, 1200px\" \/><\/figure>\n\n\n\n<div class=\"wp-block-group has-global-padding is-layout-constrained wp-block-group-is-layout-constrained\">\n<p>\u2026z prawie klasycznym tramwajem. Wagon BN GTL8-II nr 3146 jedzie Torenstraat przez centrum Hagi. Zostawi\u0142 za sob\u0105 g\u00f3ruj\u0105cy nad okolic\u0105 protestancki Wielki ko\u015bci\u00f3\u0142 \u015bw. Jakuba. 01.05.2017<\/p>\n<\/div>\n","protected":false},"excerpt":{"rendered":"<p>\u2026z prawie klasycznym tramwajem. Wagon BN GTL8-II nr 3146 jedzie Torenstraat przez centrum Hagi. Zostawi\u0142 za sob\u0105 g\u00f3ruj\u0105cy nad okolic\u0105 protestancki Wielki ko\u015bci\u00f3\u0142 \u015bw. Jakuba. 01.05.2017<\/p>\n","protected":false},"author":1,"featured_media":6805,"comment_status":"open","ping_status":"","sticky":false,"template":"","format":"standard","meta":{"footnotes":""},"categories":[368,3],"tags":[373,34,4612,371,370,369,787],"class_list":["post-6804","post","type-post","status-publish","format-standard","has-post-thumbnail","hentry","category-rok-2017","category-tramwaj","tag-2017-05-01","tag-architektura","tag-gtl8","tag-haga","tag-holandia","tag-htm-den-haag","tag-majowka-2017-2"],"_links":{"self":[{"href":"https:\/\/wgphoto.pl\/t\/index.php?rest_route=\/wp\/v2\/posts\/6804","targetHints":{"allow":["GET"]}}],"collection":[{"href":"https:\/\/wgphoto.pl\/t\/index.php?rest_route=\/wp\/v2\/posts"}],"about":[{"href":"https:\/\/wgphoto.pl\/t\/index.php?rest_route=\/wp\/v2\/types\/post"}],"author":[{"embeddable":true,"href":"https:\/\/wgphoto.pl\/t\/index.php?rest_route=\/wp\/v2\/users\/1"}],"replies":[{"embeddable":true,"href":"https:\/\/wgphoto.pl\/t\/index.php?rest_route=%2Fwp%2Fv2%2Fcomments&post=6804"}],"version-history":[{"count":1,"href":"https:\/\/wgphoto.pl\/t\/index.php?rest_route=\/wp\/v2\/posts\/6804\/revisions"}],"predecessor-version":[{"id":6806,"href":"https:\/\/wgphoto.pl\/t\/index.php?rest_route=\/wp\/v2\/posts\/6804\/revisions\/6806"}],"wp:featuredmedia":[{"embeddable":true,"href":"https:\/\/wgphoto.pl\/t\/index.php?rest_route=\/wp\/v2\/media\/6805"}],"wp:attachment":[{"href":"https:\/\/wgphoto.pl\/t\/index.php?rest_route=%2Fwp%2Fv2%2Fmedia&parent=6804"}],"wp:term":[{"taxonomy":"category","embeddable":true,"href":"https:\/\/wgphoto.pl\/t\/index.php?rest_route=%2Fwp%2Fv2%2Fcategories&post=6804"},{"taxonomy":"post_tag","embeddable":true,"href":"https:\/\/wgphoto.pl\/t\/index.php?rest_route=%2Fwp%2Fv2%2Ftags&post=6804"}],"curies":[{"name":"wp","href":"https:\/\/api.w.org\/{rel}","templated":true}]}}