{"id":6810,"date":"2024-12-01T13:53:53","date_gmt":"2024-12-01T12:53:53","guid":{"rendered":"https:\/\/wgphoto.pl\/t\/?p=6810"},"modified":"2024-12-01T13:53:53","modified_gmt":"2024-12-01T12:53:53","slug":"sklad-prawie-symetryczny","status":"publish","type":"post","link":"https:\/\/wgphoto.pl\/t\/?p=6810","title":{"rendered":"Sk\u0142ad prawie symetryczny"},"content":{"rendered":"\n<figure class=\"wp-block-image aligncenter size-full\"><img loading=\"lazy\" decoding=\"async\" width=\"1300\" height=\"861\" src=\"https:\/\/wgphoto.pl\/t\/wp-content\/uploads\/2024\/12\/IMGP0883.jpg\" alt=\"\" class=\"wp-image-6811\" srcset=\"https:\/\/wgphoto.pl\/t\/wp-content\/uploads\/2024\/12\/IMGP0883.jpg 1300w, https:\/\/wgphoto.pl\/t\/wp-content\/uploads\/2024\/12\/IMGP0883-300x199.jpg 300w, https:\/\/wgphoto.pl\/t\/wp-content\/uploads\/2024\/12\/IMGP0883-768x509.jpg 768w\" sizes=\"auto, (max-width: 1300px) 100vw, 1300px\" \/><\/figure>\n\n\n\n<div class=\"wp-block-group has-global-padding is-layout-constrained wp-block-group-is-layout-constrained\">\n<p>Odcinek Roudn\u00e1 &#8211; Sob\u011bslav. Plechacz (lub te\u017c &#8222;blaszak&#8221;) 242.248-3 prowadzi poci\u0105g osobowy 8209 relacji T\u00e1bor &#8211; \u010cesk\u00e9 Bud\u011bjovice, dla domkni\u0119cia obieg\u00f3w planowo zestawiony z dw\u00f3ch sk\u0142ad\u00f3w 242+B+BDs. 24.09.2020<\/p>\n<\/div>\n","protected":false},"excerpt":{"rendered":"<p>Odcinek Roudn\u00e1 &#8211; Sob\u011bslav. Plechacz (lub te\u017c &#8222;blaszak&#8221;) 242.248-3 prowadzi poci\u0105g osobowy 8209 relacji T\u00e1bor &#8211; \u010cesk\u00e9 Bud\u011bjovice, dla domkni\u0119cia obieg\u00f3w planowo zestawiony z dw\u00f3ch sk\u0142ad\u00f3w 242+B+BDs. 24.09.2020<\/p>\n","protected":false},"author":1,"featured_media":6811,"comment_status":"open","ping_status":"","sticky":false,"template":"","format":"standard","meta":{"footnotes":""},"categories":[2,676],"tags":[2001,305,50,49,2003,2000,2002,1694],"class_list":["post-6810","post","type-post","status-publish","format-standard","has-post-thumbnail","hentry","category-kolej","category-rok-2020","tag-2020-09-24","tag-305","tag-cd","tag-czechy","tag-czeskie-wakacje-2020","tag-roudna","tag-sobeslav","tag-tab-cz220"],"_links":{"self":[{"href":"https:\/\/wgphoto.pl\/t\/index.php?rest_route=\/wp\/v2\/posts\/6810","targetHints":{"allow":["GET"]}}],"collection":[{"href":"https:\/\/wgphoto.pl\/t\/index.php?rest_route=\/wp\/v2\/posts"}],"about":[{"href":"https:\/\/wgphoto.pl\/t\/index.php?rest_route=\/wp\/v2\/types\/post"}],"author":[{"embeddable":true,"href":"https:\/\/wgphoto.pl\/t\/index.php?rest_route=\/wp\/v2\/users\/1"}],"replies":[{"embeddable":true,"href":"https:\/\/wgphoto.pl\/t\/index.php?rest_route=%2Fwp%2Fv2%2Fcomments&post=6810"}],"version-history":[{"count":1,"href":"https:\/\/wgphoto.pl\/t\/index.php?rest_route=\/wp\/v2\/posts\/6810\/revisions"}],"predecessor-version":[{"id":6812,"href":"https:\/\/wgphoto.pl\/t\/index.php?rest_route=\/wp\/v2\/posts\/6810\/revisions\/6812"}],"wp:featuredmedia":[{"embeddable":true,"href":"https:\/\/wgphoto.pl\/t\/index.php?rest_route=\/wp\/v2\/media\/6811"}],"wp:attachment":[{"href":"https:\/\/wgphoto.pl\/t\/index.php?rest_route=%2Fwp%2Fv2%2Fmedia&parent=6810"}],"wp:term":[{"taxonomy":"category","embeddable":true,"href":"https:\/\/wgphoto.pl\/t\/index.php?rest_route=%2Fwp%2Fv2%2Fcategories&post=6810"},{"taxonomy":"post_tag","embeddable":true,"href":"https:\/\/wgphoto.pl\/t\/index.php?rest_route=%2Fwp%2Fv2%2Ftags&post=6810"}],"curies":[{"name":"wp","href":"https:\/\/api.w.org\/{rel}","templated":true}]}}