{"id":6813,"date":"2024-12-01T15:34:43","date_gmt":"2024-12-01T14:34:43","guid":{"rendered":"https:\/\/wgphoto.pl\/t\/?p=6813"},"modified":"2024-12-01T15:34:43","modified_gmt":"2024-12-01T14:34:43","slug":"trabant-i-autosan","status":"publish","type":"post","link":"https:\/\/wgphoto.pl\/t\/?p=6813","title":{"rendered":"&#8222;Trabant&#8221; i Autosan"},"content":{"rendered":"\n<figure class=\"wp-block-image aligncenter size-full\"><img loading=\"lazy\" decoding=\"async\" width=\"1300\" height=\"862\" src=\"https:\/\/wgphoto.pl\/t\/wp-content\/uploads\/2024\/12\/0427-24.jpg\" alt=\"\" class=\"wp-image-6814\" srcset=\"https:\/\/wgphoto.pl\/t\/wp-content\/uploads\/2024\/12\/0427-24.jpg 1300w, https:\/\/wgphoto.pl\/t\/wp-content\/uploads\/2024\/12\/0427-24-300x199.jpg 300w, https:\/\/wgphoto.pl\/t\/wp-content\/uploads\/2024\/12\/0427-24-768x509.jpg 768w\" sizes=\"auto, (max-width: 1300px) 100vw, 1300px\" \/><\/figure>\n\n\n\n<div class=\"wp-block-group has-global-padding is-layout-constrained wp-block-group-is-layout-constrained\">\n<p>Wroc\u0142aw, pl. Powsta\u0144c\u00f3w Wielkopolskich. Sk\u0142ad 105NWr 2212+2213 wykonuje dora\u017anie skr\u00f3cony kurs zmienionej trasy linii 6. Wtedy by\u0142a w remoncie ul. Jedno\u015bci Narodowej, a sz\u00f3stka zawraca\u0142a, zdaje si\u0119, na terenie zajezdni O\u0142bin. Kadr urozmaica autobus nale\u017c\u0105cy zapewne do PKS Wo\u0142\u00f3w. 14.10.2004<\/p>\n<\/div>\n","protected":false},"excerpt":{"rendered":"<p>Wroc\u0142aw, pl. Powsta\u0144c\u00f3w Wielkopolskich. Sk\u0142ad 105NWr 2212+2213 wykonuje dora\u017anie skr\u00f3cony kurs zmienionej trasy linii 6. Wtedy by\u0142a w remoncie ul. Jedno\u015bci Narodowej, a sz\u00f3stka zawraca\u0142a, zdaje si\u0119, na terenie zajezdni O\u0142bin. Kadr urozmaica autobus nale\u017c\u0105cy zapewne do PKS Wo\u0142\u00f3w. 14.10.2004<\/p>\n","protected":false},"author":1,"featured_media":6814,"comment_status":"open","ping_status":"","sticky":false,"template":"","format":"standard","meta":{"footnotes":""},"categories":[62,61,3],"tags":[155,2459,34,898,42,27,41],"class_list":["post-6813","post","type-post","status-publish","format-standard","has-post-thumbnail","hentry","category-analog","category-rok-2004","category-tramwaj","tag-105na","tag-2004-10-14","tag-architektura","tag-autobus","tag-mpk-wroclaw","tag-polska","tag-wroclaw"],"_links":{"self":[{"href":"https:\/\/wgphoto.pl\/t\/index.php?rest_route=\/wp\/v2\/posts\/6813","targetHints":{"allow":["GET"]}}],"collection":[{"href":"https:\/\/wgphoto.pl\/t\/index.php?rest_route=\/wp\/v2\/posts"}],"about":[{"href":"https:\/\/wgphoto.pl\/t\/index.php?rest_route=\/wp\/v2\/types\/post"}],"author":[{"embeddable":true,"href":"https:\/\/wgphoto.pl\/t\/index.php?rest_route=\/wp\/v2\/users\/1"}],"replies":[{"embeddable":true,"href":"https:\/\/wgphoto.pl\/t\/index.php?rest_route=%2Fwp%2Fv2%2Fcomments&post=6813"}],"version-history":[{"count":1,"href":"https:\/\/wgphoto.pl\/t\/index.php?rest_route=\/wp\/v2\/posts\/6813\/revisions"}],"predecessor-version":[{"id":6815,"href":"https:\/\/wgphoto.pl\/t\/index.php?rest_route=\/wp\/v2\/posts\/6813\/revisions\/6815"}],"wp:featuredmedia":[{"embeddable":true,"href":"https:\/\/wgphoto.pl\/t\/index.php?rest_route=\/wp\/v2\/media\/6814"}],"wp:attachment":[{"href":"https:\/\/wgphoto.pl\/t\/index.php?rest_route=%2Fwp%2Fv2%2Fmedia&parent=6813"}],"wp:term":[{"taxonomy":"category","embeddable":true,"href":"https:\/\/wgphoto.pl\/t\/index.php?rest_route=%2Fwp%2Fv2%2Fcategories&post=6813"},{"taxonomy":"post_tag","embeddable":true,"href":"https:\/\/wgphoto.pl\/t\/index.php?rest_route=%2Fwp%2Fv2%2Ftags&post=6813"}],"curies":[{"name":"wp","href":"https:\/\/api.w.org\/{rel}","templated":true}]}}