{"id":6835,"date":"2024-12-01T15:41:36","date_gmt":"2024-12-01T14:41:36","guid":{"rendered":"https:\/\/wgphoto.pl\/t\/?p=6835"},"modified":"2024-12-01T15:41:36","modified_gmt":"2024-12-01T14:41:36","slug":"tramwaj-w-ramce","status":"publish","type":"post","link":"https:\/\/wgphoto.pl\/t\/?p=6835","title":{"rendered":"Tramwaj w ramce"},"content":{"rendered":"\n<figure class=\"wp-block-image aligncenter size-full\"><img loading=\"lazy\" decoding=\"async\" width=\"1300\" height=\"861\" src=\"https:\/\/wgphoto.pl\/t\/wp-content\/uploads\/2024\/12\/IMGP0494.jpg\" alt=\"\" class=\"wp-image-6836\" srcset=\"https:\/\/wgphoto.pl\/t\/wp-content\/uploads\/2024\/12\/IMGP0494.jpg 1300w, https:\/\/wgphoto.pl\/t\/wp-content\/uploads\/2024\/12\/IMGP0494-300x199.jpg 300w, https:\/\/wgphoto.pl\/t\/wp-content\/uploads\/2024\/12\/IMGP0494-768x509.jpg 768w\" sizes=\"auto, (max-width: 1300px) 100vw, 1300px\" \/><\/figure>\n\n\n\n<div class=\"wp-block-group has-global-padding is-layout-constrained wp-block-group-is-layout-constrained\">\n<p>Antwerpia, Leopold de Waelstraat. Sk\u0142ad wagon\u00f3w PCC 7091+? przemierzaj\u0105c sympatycznie zaaran\u017cowane centrum miasta zosta\u0142 z\u0142apany w ramce z drzew. 15.08.2018<\/p>\n<\/div>\n","protected":false},"excerpt":{"rendered":"<p>Antwerpia, Leopold de Waelstraat. Sk\u0142ad wagon\u00f3w PCC 7091+? przemierzaj\u0105c sympatycznie zaaran\u017cowane centrum miasta zosta\u0142 z\u0142apany w ramce z drzew. 15.08.2018<\/p>\n","protected":false},"author":1,"featured_media":6836,"comment_status":"open","ping_status":"","sticky":false,"template":"","format":"standard","meta":{"footnotes":""},"categories":[156,3],"tags":[1416,1414,695,696,1415,694,905],"class_list":["post-6835","post","type-post","status-publish","format-standard","has-post-thumbnail","hentry","category-rok-2018","category-tramwaj","tag-2018-08-15","tag-antwerpia","tag-belgia","tag-belgia-2018","tag-de-lijn","tag-pcc","tag-przez"],"_links":{"self":[{"href":"https:\/\/wgphoto.pl\/t\/index.php?rest_route=\/wp\/v2\/posts\/6835","targetHints":{"allow":["GET"]}}],"collection":[{"href":"https:\/\/wgphoto.pl\/t\/index.php?rest_route=\/wp\/v2\/posts"}],"about":[{"href":"https:\/\/wgphoto.pl\/t\/index.php?rest_route=\/wp\/v2\/types\/post"}],"author":[{"embeddable":true,"href":"https:\/\/wgphoto.pl\/t\/index.php?rest_route=\/wp\/v2\/users\/1"}],"replies":[{"embeddable":true,"href":"https:\/\/wgphoto.pl\/t\/index.php?rest_route=%2Fwp%2Fv2%2Fcomments&post=6835"}],"version-history":[{"count":1,"href":"https:\/\/wgphoto.pl\/t\/index.php?rest_route=\/wp\/v2\/posts\/6835\/revisions"}],"predecessor-version":[{"id":6837,"href":"https:\/\/wgphoto.pl\/t\/index.php?rest_route=\/wp\/v2\/posts\/6835\/revisions\/6837"}],"wp:featuredmedia":[{"embeddable":true,"href":"https:\/\/wgphoto.pl\/t\/index.php?rest_route=\/wp\/v2\/media\/6836"}],"wp:attachment":[{"href":"https:\/\/wgphoto.pl\/t\/index.php?rest_route=%2Fwp%2Fv2%2Fmedia&parent=6835"}],"wp:term":[{"taxonomy":"category","embeddable":true,"href":"https:\/\/wgphoto.pl\/t\/index.php?rest_route=%2Fwp%2Fv2%2Fcategories&post=6835"},{"taxonomy":"post_tag","embeddable":true,"href":"https:\/\/wgphoto.pl\/t\/index.php?rest_route=%2Fwp%2Fv2%2Ftags&post=6835"}],"curies":[{"name":"wp","href":"https:\/\/api.w.org\/{rel}","templated":true}]}}