{"id":6859,"date":"2024-12-01T15:50:24","date_gmt":"2024-12-01T14:50:24","guid":{"rendered":"https:\/\/wgphoto.pl\/t\/?p=6859"},"modified":"2024-12-01T15:50:24","modified_gmt":"2024-12-01T14:50:24","slug":"na-granicy","status":"publish","type":"post","link":"https:\/\/wgphoto.pl\/t\/?p=6859","title":{"rendered":"Na granicy"},"content":{"rendered":"\n<figure class=\"wp-block-image aligncenter size-full\"><img loading=\"lazy\" decoding=\"async\" width=\"1300\" height=\"861\" src=\"https:\/\/wgphoto.pl\/t\/wp-content\/uploads\/2024\/12\/IMGP1821.jpg\" alt=\"\" class=\"wp-image-6860\" srcset=\"https:\/\/wgphoto.pl\/t\/wp-content\/uploads\/2024\/12\/IMGP1821.jpg 1300w, https:\/\/wgphoto.pl\/t\/wp-content\/uploads\/2024\/12\/IMGP1821-300x199.jpg 300w, https:\/\/wgphoto.pl\/t\/wp-content\/uploads\/2024\/12\/IMGP1821-768x509.jpg 768w\" sizes=\"auto, (max-width: 1300px) 100vw, 1300px\" \/><\/figure>\n\n\n\n<div class=\"wp-block-group has-global-padding is-layout-constrained wp-block-group-is-layout-constrained\">\n<p>Wagon 105N-HF11AC nr 691 min\u0105\u0142 w\u0142a\u015bnie granic\u0119 administracyjn\u0105 Katowic i Mys\u0142owic na trasie linii 14. Dzisiaj ten odcinek zosta\u0142 zamkni\u0119ty do d\u0142ugo wyczekiwanego remontu. 28.03.2021<\/p>\n<\/div>\n","protected":false},"excerpt":{"rendered":"<p>Wagon 105N-HF11AC nr 691 min\u0105\u0142 w\u0142a\u015bnie granic\u0119 administracyjn\u0105 Katowic i Mys\u0142owic na trasie linii 14. Dzisiaj ten odcinek zosta\u0142 zamkni\u0119ty do d\u0142ugo wyczekiwanego remontu. 28.03.2021<\/p>\n","protected":false},"author":1,"featured_media":6860,"comment_status":"open","ping_status":"","sticky":false,"template":"","format":"standard","meta":{"footnotes":""},"categories":[681,3],"tags":[155,2378,277,1371,546,1638,27,561,279],"class_list":["post-6859","post","type-post","status-publish","format-standard","has-post-thumbnail","hentry","category-rok-2021","category-tramwaj","tag-105na","tag-2021-03-28","tag-gop","tag-katowice","tag-moderus-alfa","tag-myslowice","tag-polska","tag-tramwaj-podmiejski","tag-tramwaje-slaskie"],"_links":{"self":[{"href":"https:\/\/wgphoto.pl\/t\/index.php?rest_route=\/wp\/v2\/posts\/6859","targetHints":{"allow":["GET"]}}],"collection":[{"href":"https:\/\/wgphoto.pl\/t\/index.php?rest_route=\/wp\/v2\/posts"}],"about":[{"href":"https:\/\/wgphoto.pl\/t\/index.php?rest_route=\/wp\/v2\/types\/post"}],"author":[{"embeddable":true,"href":"https:\/\/wgphoto.pl\/t\/index.php?rest_route=\/wp\/v2\/users\/1"}],"replies":[{"embeddable":true,"href":"https:\/\/wgphoto.pl\/t\/index.php?rest_route=%2Fwp%2Fv2%2Fcomments&post=6859"}],"version-history":[{"count":1,"href":"https:\/\/wgphoto.pl\/t\/index.php?rest_route=\/wp\/v2\/posts\/6859\/revisions"}],"predecessor-version":[{"id":6861,"href":"https:\/\/wgphoto.pl\/t\/index.php?rest_route=\/wp\/v2\/posts\/6859\/revisions\/6861"}],"wp:featuredmedia":[{"embeddable":true,"href":"https:\/\/wgphoto.pl\/t\/index.php?rest_route=\/wp\/v2\/media\/6860"}],"wp:attachment":[{"href":"https:\/\/wgphoto.pl\/t\/index.php?rest_route=%2Fwp%2Fv2%2Fmedia&parent=6859"}],"wp:term":[{"taxonomy":"category","embeddable":true,"href":"https:\/\/wgphoto.pl\/t\/index.php?rest_route=%2Fwp%2Fv2%2Fcategories&post=6859"},{"taxonomy":"post_tag","embeddable":true,"href":"https:\/\/wgphoto.pl\/t\/index.php?rest_route=%2Fwp%2Fv2%2Ftags&post=6859"}],"curies":[{"name":"wp","href":"https:\/\/api.w.org\/{rel}","templated":true}]}}