{"id":6871,"date":"2024-12-01T15:55:17","date_gmt":"2024-12-01T14:55:17","guid":{"rendered":"https:\/\/wgphoto.pl\/t\/?p=6871"},"modified":"2024-12-01T15:55:17","modified_gmt":"2024-12-01T14:55:17","slug":"gdyby-w-walbrzychu-byly-tramwaje","status":"publish","type":"post","link":"https:\/\/wgphoto.pl\/t\/?p=6871","title":{"rendered":"Gdyby w Wa\u0142brzychu by\u0142y tramwaje"},"content":{"rendered":"\n<figure class=\"wp-block-image aligncenter size-full\"><img loading=\"lazy\" decoding=\"async\" width=\"1300\" height=\"861\" src=\"https:\/\/wgphoto.pl\/t\/wp-content\/uploads\/2024\/12\/IMGP6587.jpg\" alt=\"\" class=\"wp-image-6872\" srcset=\"https:\/\/wgphoto.pl\/t\/wp-content\/uploads\/2024\/12\/IMGP6587.jpg 1300w, https:\/\/wgphoto.pl\/t\/wp-content\/uploads\/2024\/12\/IMGP6587-300x199.jpg 300w, https:\/\/wgphoto.pl\/t\/wp-content\/uploads\/2024\/12\/IMGP6587-768x509.jpg 768w\" sizes=\"auto, (max-width: 1300px) 100vw, 1300px\" \/><\/figure>\n\n\n\n<div class=\"wp-block-group has-global-padding is-layout-constrained wp-block-group-is-layout-constrained\">\n<p>\u2026to mo\u017ce wygl\u0105da\u0142yby podobnie do wagonu GT6M-ZR 631, kt\u00f3ry wyjecha\u0142 w\u0142a\u015bnie z p\u0119tli Zw\u00e4tzen w Jenie. Architektura i pag\u00f3rek przypominaj\u0105cy zaro\u015bni\u0119t\u0105 ha\u0142d\u0119 (chocia\u017c ni\u0105 nie jest) akurat pasuj\u0105. 16.08.2016<\/p>\n<\/div>\n","protected":false},"excerpt":{"rendered":"<p>\u2026to mo\u017ce wygl\u0105da\u0142yby podobnie do wagonu GT6M-ZR 631, kt\u00f3ry wyjecha\u0142 w\u0142a\u015bnie z p\u0119tli Zw\u00e4tzen w Jenie. Architektura i pag\u00f3rek przypominaj\u0105cy zaro\u015bni\u0119t\u0105 ha\u0142d\u0119 (chocia\u017c ni\u0105 nie jest) akurat pasuj\u0105. 16.08.2016<\/p>\n","protected":false},"author":1,"featured_media":6872,"comment_status":"open","ping_status":"","sticky":false,"template":"","format":"standard","meta":{"footnotes":""},"categories":[125,3],"tags":[1263,1265,1264,1266,23],"class_list":["post-6871","post","type-post","status-publish","format-standard","has-post-thumbnail","hentry","category-rok-2016","category-tramwaj","tag-2016-08-16","tag-gtxn","tag-jena","tag-jenah-jena","tag-niemcy"],"_links":{"self":[{"href":"https:\/\/wgphoto.pl\/t\/index.php?rest_route=\/wp\/v2\/posts\/6871","targetHints":{"allow":["GET"]}}],"collection":[{"href":"https:\/\/wgphoto.pl\/t\/index.php?rest_route=\/wp\/v2\/posts"}],"about":[{"href":"https:\/\/wgphoto.pl\/t\/index.php?rest_route=\/wp\/v2\/types\/post"}],"author":[{"embeddable":true,"href":"https:\/\/wgphoto.pl\/t\/index.php?rest_route=\/wp\/v2\/users\/1"}],"replies":[{"embeddable":true,"href":"https:\/\/wgphoto.pl\/t\/index.php?rest_route=%2Fwp%2Fv2%2Fcomments&post=6871"}],"version-history":[{"count":1,"href":"https:\/\/wgphoto.pl\/t\/index.php?rest_route=\/wp\/v2\/posts\/6871\/revisions"}],"predecessor-version":[{"id":6873,"href":"https:\/\/wgphoto.pl\/t\/index.php?rest_route=\/wp\/v2\/posts\/6871\/revisions\/6873"}],"wp:featuredmedia":[{"embeddable":true,"href":"https:\/\/wgphoto.pl\/t\/index.php?rest_route=\/wp\/v2\/media\/6872"}],"wp:attachment":[{"href":"https:\/\/wgphoto.pl\/t\/index.php?rest_route=%2Fwp%2Fv2%2Fmedia&parent=6871"}],"wp:term":[{"taxonomy":"category","embeddable":true,"href":"https:\/\/wgphoto.pl\/t\/index.php?rest_route=%2Fwp%2Fv2%2Fcategories&post=6871"},{"taxonomy":"post_tag","embeddable":true,"href":"https:\/\/wgphoto.pl\/t\/index.php?rest_route=%2Fwp%2Fv2%2Ftags&post=6871"}],"curies":[{"name":"wp","href":"https:\/\/api.w.org\/{rel}","templated":true}]}}