{"id":6884,"date":"2024-12-01T17:58:57","date_gmt":"2024-12-01T16:58:57","guid":{"rendered":"https:\/\/wgphoto.pl\/t\/?p=6884"},"modified":"2024-12-01T17:58:57","modified_gmt":"2024-12-01T16:58:57","slug":"sw-fejsbuk","status":"publish","type":"post","link":"https:\/\/wgphoto.pl\/t\/?p=6884","title":{"rendered":"\u015aw. Fejsbuk"},"content":{"rendered":"\n<figure class=\"wp-block-image aligncenter size-full\"><img loading=\"lazy\" decoding=\"async\" width=\"1200\" height=\"795\" src=\"https:\/\/wgphoto.pl\/t\/wp-content\/uploads\/2024\/12\/IMGP6658.jpg\" alt=\"\" class=\"wp-image-6885\" srcset=\"https:\/\/wgphoto.pl\/t\/wp-content\/uploads\/2024\/12\/IMGP6658.jpg 1200w, https:\/\/wgphoto.pl\/t\/wp-content\/uploads\/2024\/12\/IMGP6658-300x199.jpg 300w, https:\/\/wgphoto.pl\/t\/wp-content\/uploads\/2024\/12\/IMGP6658-768x509.jpg 768w\" sizes=\"auto, (max-width: 1200px) 100vw, 1200px\" \/><\/figure>\n\n\n\n<div class=\"wp-block-group has-global-padding is-layout-constrained wp-block-group-is-layout-constrained\">\n<p>Porto, odcinek Ramalde &#8211; Francos. Sk\u0142ad Eurotram\u00f3w mija mural adekwatny do dzisiejszych czas\u00f3w. Niech \u015bwiadczy o tym chocia\u017cby to, \u017ce wystarczy namalowa\u0107 zwyk\u0142e &#8222;f&#8221; i ju\u017c wszyscy wiedz\u0105 o co chodzi. \ud83d\ude09 2018-02-20<\/p>\n<\/div>\n","protected":false},"excerpt":{"rendered":"<p>Porto, odcinek Ramalde &#8211; Francos. Sk\u0142ad Eurotram\u00f3w mija mural adekwatny do dzisiejszych czas\u00f3w. Niech \u015bwiadczy o tym chocia\u017cby to, \u017ce wystarczy namalowa\u0107 zwyk\u0142e &#8222;f&#8221; i ju\u017c wszyscy wiedz\u0105 o co chodzi. \ud83d\ude09 2018-02-20<\/p>\n","protected":false},"author":1,"featured_media":6885,"comment_status":"open","ping_status":"","sticky":false,"template":"","format":"standard","meta":{"footnotes":""},"categories":[4,156,3],"tags":[506,502,504,1827,503,297,505],"class_list":["post-6884","post","type-post","status-publish","format-standard","has-post-thumbnail","hentry","category-metro","category-rok-2018","category-tramwaj","tag-2018-02-20","tag-eurotram","tag-metro-do-porto","tag-mural","tag-porto","tag-portugalia","tag-portugalia-2018"],"_links":{"self":[{"href":"https:\/\/wgphoto.pl\/t\/index.php?rest_route=\/wp\/v2\/posts\/6884","targetHints":{"allow":["GET"]}}],"collection":[{"href":"https:\/\/wgphoto.pl\/t\/index.php?rest_route=\/wp\/v2\/posts"}],"about":[{"href":"https:\/\/wgphoto.pl\/t\/index.php?rest_route=\/wp\/v2\/types\/post"}],"author":[{"embeddable":true,"href":"https:\/\/wgphoto.pl\/t\/index.php?rest_route=\/wp\/v2\/users\/1"}],"replies":[{"embeddable":true,"href":"https:\/\/wgphoto.pl\/t\/index.php?rest_route=%2Fwp%2Fv2%2Fcomments&post=6884"}],"version-history":[{"count":1,"href":"https:\/\/wgphoto.pl\/t\/index.php?rest_route=\/wp\/v2\/posts\/6884\/revisions"}],"predecessor-version":[{"id":6886,"href":"https:\/\/wgphoto.pl\/t\/index.php?rest_route=\/wp\/v2\/posts\/6884\/revisions\/6886"}],"wp:featuredmedia":[{"embeddable":true,"href":"https:\/\/wgphoto.pl\/t\/index.php?rest_route=\/wp\/v2\/media\/6885"}],"wp:attachment":[{"href":"https:\/\/wgphoto.pl\/t\/index.php?rest_route=%2Fwp%2Fv2%2Fmedia&parent=6884"}],"wp:term":[{"taxonomy":"category","embeddable":true,"href":"https:\/\/wgphoto.pl\/t\/index.php?rest_route=%2Fwp%2Fv2%2Fcategories&post=6884"},{"taxonomy":"post_tag","embeddable":true,"href":"https:\/\/wgphoto.pl\/t\/index.php?rest_route=%2Fwp%2Fv2%2Ftags&post=6884"}],"curies":[{"name":"wp","href":"https:\/\/api.w.org\/{rel}","templated":true}]}}