{"id":690,"date":"2024-09-30T19:02:58","date_gmt":"2024-09-30T17:02:58","guid":{"rendered":"https:\/\/wgphoto.pl\/t\/?p=690"},"modified":"2024-09-30T19:02:58","modified_gmt":"2024-09-30T17:02:58","slug":"su46-004-wydminy","status":"publish","type":"post","link":"https:\/\/wgphoto.pl\/t\/?p=690","title":{"rendered":"SU46-004, Wydminy"},"content":{"rendered":"\n<figure class=\"wp-block-image aligncenter size-full\"><img loading=\"lazy\" decoding=\"async\" width=\"1050\" height=\"700\" src=\"https:\/\/wgphoto.pl\/t\/wp-content\/uploads\/2024\/09\/0810-07.jpg\" alt=\"\" class=\"wp-image-691\" srcset=\"https:\/\/wgphoto.pl\/t\/wp-content\/uploads\/2024\/09\/0810-07.jpg 1050w, https:\/\/wgphoto.pl\/t\/wp-content\/uploads\/2024\/09\/0810-07-300x200.jpg 300w, https:\/\/wgphoto.pl\/t\/wp-content\/uploads\/2024\/09\/0810-07-768x512.jpg 768w\" sizes=\"auto, (max-width: 1050px) 100vw, 1050px\" \/><\/figure>\n\n\n\n<div class=\"wp-block-group has-global-padding is-layout-constrained wp-block-group-is-layout-constrained\">\n<p>SU46-004(?) z pospiesznym &#8222;Niegocinem&#8221; z E\u0142ku do Wroc\u0142awia i Lublina zatrzymuje si\u0119 w Wydminach. Przeja\u015bnia si\u0119 po letniej ulewie. 08.08.2008<\/p>\n<\/div>\n","protected":false},"excerpt":{"rendered":"<p>SU46-004(?) z pospiesznym &#8222;Niegocinem&#8221; z E\u0142ku do Wroc\u0142awia i Lublina zatrzymuje si\u0119 w Wydminach. Przeja\u015bnia si\u0119 po letniej ulewie. 08.08.2008<\/p>\n","protected":false},"author":1,"featured_media":691,"comment_status":"open","ping_status":"","sticky":false,"template":"","format":"standard","meta":{"footnotes":""},"categories":[62,2,120],"tags":[324,63,27,84,322,323],"class_list":["post-690","post","type-post","status-publish","format-standard","has-post-thumbnail","hentry","category-analog","category-kolej","category-rok-2008","tag-2008-08-08","tag-pkp","tag-polska","tag-su46","tag-tab-pl510","tag-wydminy"],"_links":{"self":[{"href":"https:\/\/wgphoto.pl\/t\/index.php?rest_route=\/wp\/v2\/posts\/690","targetHints":{"allow":["GET"]}}],"collection":[{"href":"https:\/\/wgphoto.pl\/t\/index.php?rest_route=\/wp\/v2\/posts"}],"about":[{"href":"https:\/\/wgphoto.pl\/t\/index.php?rest_route=\/wp\/v2\/types\/post"}],"author":[{"embeddable":true,"href":"https:\/\/wgphoto.pl\/t\/index.php?rest_route=\/wp\/v2\/users\/1"}],"replies":[{"embeddable":true,"href":"https:\/\/wgphoto.pl\/t\/index.php?rest_route=%2Fwp%2Fv2%2Fcomments&post=690"}],"version-history":[{"count":1,"href":"https:\/\/wgphoto.pl\/t\/index.php?rest_route=\/wp\/v2\/posts\/690\/revisions"}],"predecessor-version":[{"id":692,"href":"https:\/\/wgphoto.pl\/t\/index.php?rest_route=\/wp\/v2\/posts\/690\/revisions\/692"}],"wp:featuredmedia":[{"embeddable":true,"href":"https:\/\/wgphoto.pl\/t\/index.php?rest_route=\/wp\/v2\/media\/691"}],"wp:attachment":[{"href":"https:\/\/wgphoto.pl\/t\/index.php?rest_route=%2Fwp%2Fv2%2Fmedia&parent=690"}],"wp:term":[{"taxonomy":"category","embeddable":true,"href":"https:\/\/wgphoto.pl\/t\/index.php?rest_route=%2Fwp%2Fv2%2Fcategories&post=690"},{"taxonomy":"post_tag","embeddable":true,"href":"https:\/\/wgphoto.pl\/t\/index.php?rest_route=%2Fwp%2Fv2%2Ftags&post=690"}],"curies":[{"name":"wp","href":"https:\/\/api.w.org\/{rel}","templated":true}]}}