{"id":6905,"date":"2024-12-01T18:11:00","date_gmt":"2024-12-01T17:11:00","guid":{"rendered":"https:\/\/wgphoto.pl\/t\/?p=6905"},"modified":"2024-12-01T18:11:00","modified_gmt":"2024-12-01T17:11:00","slug":"zyczymy-panstwu-przyjemnego-dnia","status":"publish","type":"post","link":"https:\/\/wgphoto.pl\/t\/?p=6905","title":{"rendered":"\u017byczymy Pa\u0144stwu przyjemnego dnia"},"content":{"rendered":"\n<figure class=\"wp-block-image aligncenter size-full\"><img loading=\"lazy\" decoding=\"async\" width=\"1200\" height=\"795\" src=\"https:\/\/wgphoto.pl\/t\/wp-content\/uploads\/2024\/12\/IMGP7830.jpg\" alt=\"\" class=\"wp-image-6906\" srcset=\"https:\/\/wgphoto.pl\/t\/wp-content\/uploads\/2024\/12\/IMGP7830.jpg 1200w, https:\/\/wgphoto.pl\/t\/wp-content\/uploads\/2024\/12\/IMGP7830-300x199.jpg 300w, https:\/\/wgphoto.pl\/t\/wp-content\/uploads\/2024\/12\/IMGP7830-768x509.jpg 768w\" sizes=\"auto, (max-width: 1200px) 100vw, 1200px\" \/><\/figure>\n\n\n\n<div class=\"wp-block-group has-global-padding is-layout-constrained wp-block-group-is-layout-constrained\">\n<p>Mi\u0142e zaskoczenie po wej\u015bciu do wagonu szwajcarskiego przewo\u017anika BLS &#8211; jedynego chyba prywaciarza wykonuj\u0105cego przewozy na &#8222;du\u017cej&#8221; kolei, razem z operatorem narodowym. 2018-03-24<\/p>\n<\/div>\n","protected":false},"excerpt":{"rendered":"<p>Mi\u0142e zaskoczenie po wej\u015bciu do wagonu szwajcarskiego przewo\u017anika BLS &#8211; jedynego chyba prywaciarza wykonuj\u0105cego przewozy na &#8222;du\u017cej&#8221; kolei, razem z operatorem narodowym. 2018-03-24<\/p>\n","protected":false},"author":1,"featured_media":6906,"comment_status":"open","ping_status":"","sticky":false,"template":"","format":"standard","meta":{"footnotes":""},"categories":[220,2,156],"tags":[396,2480,183,186,454],"class_list":["post-6905","post","type-post","status-publish","format-standard","has-post-thumbnail","hentry","category-blo","category-kolej","category-rok-2018","tag-2018-03-24","tag-bls","tag-suissetrip-2018","tag-szwajcaria","tag-wnetrza-pojazdow"],"_links":{"self":[{"href":"https:\/\/wgphoto.pl\/t\/index.php?rest_route=\/wp\/v2\/posts\/6905","targetHints":{"allow":["GET"]}}],"collection":[{"href":"https:\/\/wgphoto.pl\/t\/index.php?rest_route=\/wp\/v2\/posts"}],"about":[{"href":"https:\/\/wgphoto.pl\/t\/index.php?rest_route=\/wp\/v2\/types\/post"}],"author":[{"embeddable":true,"href":"https:\/\/wgphoto.pl\/t\/index.php?rest_route=\/wp\/v2\/users\/1"}],"replies":[{"embeddable":true,"href":"https:\/\/wgphoto.pl\/t\/index.php?rest_route=%2Fwp%2Fv2%2Fcomments&post=6905"}],"version-history":[{"count":1,"href":"https:\/\/wgphoto.pl\/t\/index.php?rest_route=\/wp\/v2\/posts\/6905\/revisions"}],"predecessor-version":[{"id":6907,"href":"https:\/\/wgphoto.pl\/t\/index.php?rest_route=\/wp\/v2\/posts\/6905\/revisions\/6907"}],"wp:featuredmedia":[{"embeddable":true,"href":"https:\/\/wgphoto.pl\/t\/index.php?rest_route=\/wp\/v2\/media\/6906"}],"wp:attachment":[{"href":"https:\/\/wgphoto.pl\/t\/index.php?rest_route=%2Fwp%2Fv2%2Fmedia&parent=6905"}],"wp:term":[{"taxonomy":"category","embeddable":true,"href":"https:\/\/wgphoto.pl\/t\/index.php?rest_route=%2Fwp%2Fv2%2Fcategories&post=6905"},{"taxonomy":"post_tag","embeddable":true,"href":"https:\/\/wgphoto.pl\/t\/index.php?rest_route=%2Fwp%2Fv2%2Ftags&post=6905"}],"curies":[{"name":"wp","href":"https:\/\/api.w.org\/{rel}","templated":true}]}}