{"id":6911,"date":"2024-12-01T18:26:56","date_gmt":"2024-12-01T17:26:56","guid":{"rendered":"https:\/\/wgphoto.pl\/t\/?p=6911"},"modified":"2024-12-01T18:30:43","modified_gmt":"2024-12-01T17:30:43","slug":"uj-koztemeto","status":"publish","type":"post","link":"https:\/\/wgphoto.pl\/t\/?p=6911","title":{"rendered":"Kursuje codziennie opr\u00f3cz sob\u00f3t"},"content":{"rendered":"\n<figure class=\"wp-block-image aligncenter size-full\"><img loading=\"lazy\" decoding=\"async\" width=\"1200\" height=\"795\" src=\"https:\/\/wgphoto.pl\/t\/wp-content\/uploads\/2024\/12\/IMGP2728.jpg\" alt=\"\" class=\"wp-image-6912\" srcset=\"https:\/\/wgphoto.pl\/t\/wp-content\/uploads\/2024\/12\/IMGP2728.jpg 1200w, https:\/\/wgphoto.pl\/t\/wp-content\/uploads\/2024\/12\/IMGP2728-300x199.jpg 300w, https:\/\/wgphoto.pl\/t\/wp-content\/uploads\/2024\/12\/IMGP2728-768x509.jpg 768w\" sizes=\"auto, (max-width: 1200px) 100vw, 1200px\" \/><\/figure>\n\n\n\n<div class=\"wp-block-group has-global-padding is-layout-constrained wp-block-group-is-layout-constrained\">\n<p>Budapeszt, Kozma utca. Pl\u0105tanina tor\u00f3w na kra\u0144cu przy cmentarzach. Codziennie opr\u00f3cz sob\u00f3t w godzinach 9:00-16:30 tramwaje doje\u017cd\u017caj\u0105 do widocznego w tle przystanku Izraelita temet\u0151, zlokalizowanego przy cmentarzu \u017cydowskim. W pozosta\u0142ym okresie ko\u0144cz\u0105 bieg tutaj, przy cmentarzu publicznym. 2015-08-22<\/p>\n<\/div>\n","protected":false},"excerpt":{"rendered":"<p>Budapeszt, Kozma utca. Pl\u0105tanina tor\u00f3w na kra\u0144cu przy cmentarzach. Codziennie opr\u00f3cz sob\u00f3t w godzinach 9:00-16:30 tramwaje doje\u017cd\u017caj\u0105 do widocznego w tle przystanku Izraelita temet\u0151, zlokalizowanego przy cmentarzu \u017cydowskim. W pozosta\u0142ym okresie ko\u0144cz\u0105 bieg tutaj, przy cmentarzu publicznym. 2015-08-22<\/p>\n","protected":false},"author":1,"featured_media":6912,"comment_status":"open","ping_status":"","sticky":false,"template":"","format":"standard","meta":{"footnotes":""},"categories":[104,3],"tags":[1703,147,144,1704,107,105],"class_list":["post-6911","post","type-post","status-publish","format-standard","has-post-thumbnail","hentry","category-rok-2015","category-tramwaj","tag-2015-08-22","tag-bkv-budapest","tag-budapeszt","tag-duewag-tw6000","tag-wakacje-2015","tag-wegry"],"_links":{"self":[{"href":"https:\/\/wgphoto.pl\/t\/index.php?rest_route=\/wp\/v2\/posts\/6911","targetHints":{"allow":["GET"]}}],"collection":[{"href":"https:\/\/wgphoto.pl\/t\/index.php?rest_route=\/wp\/v2\/posts"}],"about":[{"href":"https:\/\/wgphoto.pl\/t\/index.php?rest_route=\/wp\/v2\/types\/post"}],"author":[{"embeddable":true,"href":"https:\/\/wgphoto.pl\/t\/index.php?rest_route=\/wp\/v2\/users\/1"}],"replies":[{"embeddable":true,"href":"https:\/\/wgphoto.pl\/t\/index.php?rest_route=%2Fwp%2Fv2%2Fcomments&post=6911"}],"version-history":[{"count":2,"href":"https:\/\/wgphoto.pl\/t\/index.php?rest_route=\/wp\/v2\/posts\/6911\/revisions"}],"predecessor-version":[{"id":6918,"href":"https:\/\/wgphoto.pl\/t\/index.php?rest_route=\/wp\/v2\/posts\/6911\/revisions\/6918"}],"wp:featuredmedia":[{"embeddable":true,"href":"https:\/\/wgphoto.pl\/t\/index.php?rest_route=\/wp\/v2\/media\/6912"}],"wp:attachment":[{"href":"https:\/\/wgphoto.pl\/t\/index.php?rest_route=%2Fwp%2Fv2%2Fmedia&parent=6911"}],"wp:term":[{"taxonomy":"category","embeddable":true,"href":"https:\/\/wgphoto.pl\/t\/index.php?rest_route=%2Fwp%2Fv2%2Fcategories&post=6911"},{"taxonomy":"post_tag","embeddable":true,"href":"https:\/\/wgphoto.pl\/t\/index.php?rest_route=%2Fwp%2Fv2%2Ftags&post=6911"}],"curies":[{"name":"wp","href":"https:\/\/api.w.org\/{rel}","templated":true}]}}