{"id":6922,"date":"2024-12-01T18:33:53","date_gmt":"2024-12-01T17:33:53","guid":{"rendered":"https:\/\/wgphoto.pl\/t\/?p=6922"},"modified":"2024-12-01T18:33:53","modified_gmt":"2024-12-01T17:33:53","slug":"ostatnie","status":"publish","type":"post","link":"https:\/\/wgphoto.pl\/t\/?p=6922","title":{"rendered":"Ostatnie"},"content":{"rendered":"\n<figure class=\"wp-block-image aligncenter size-full\"><img loading=\"lazy\" decoding=\"async\" width=\"1200\" height=\"803\" src=\"https:\/\/wgphoto.pl\/t\/wp-content\/uploads\/2024\/12\/IMGP5273.jpg\" alt=\"\" class=\"wp-image-6923\" srcset=\"https:\/\/wgphoto.pl\/t\/wp-content\/uploads\/2024\/12\/IMGP5273.jpg 1200w, https:\/\/wgphoto.pl\/t\/wp-content\/uploads\/2024\/12\/IMGP5273-300x201.jpg 300w, https:\/\/wgphoto.pl\/t\/wp-content\/uploads\/2024\/12\/IMGP5273-768x514.jpg 768w\" sizes=\"auto, (max-width: 1200px) 100vw, 1200px\" \/><\/figure>\n\n\n\n<div class=\"wp-block-group has-global-padding is-layout-constrained wp-block-group-is-layout-constrained\">\n<p>Bergen, odcinek Skjold &#8211; M\u00e5rdalen. To ostatnie foto z mojej kadyszki. Zrobi\u0142em jeszcze ze trzy zdj\u0119cia pr\u00f3bne przed kolejnym uj\u0119ciem, a potem aparat umar\u0142. 2013-08-23<\/p>\n<\/div>\n","protected":false},"excerpt":{"rendered":"<p>Bergen, odcinek Skjold &#8211; M\u00e5rdalen. To ostatnie foto z mojej kadyszki. Zrobi\u0142em jeszcze ze trzy zdj\u0119cia pr\u00f3bne przed kolejnym uj\u0119ciem, a potem aparat umar\u0142. 2013-08-23<\/p>\n","protected":false},"author":1,"featured_media":6923,"comment_status":"open","ping_status":"","sticky":false,"template":"","format":"standard","meta":{"footnotes":""},"categories":[55,3],"tags":[727,724,725,78,15,726,90],"class_list":["post-6922","post","type-post","status-publish","format-standard","has-post-thumbnail","hentry","category-rok-2013","category-tramwaj","tag-2013-08-23","tag-bergen","tag-bybanen-bergen","tag-norwegia","tag-tunel","tag-variobahn","tag-wieczorem"],"_links":{"self":[{"href":"https:\/\/wgphoto.pl\/t\/index.php?rest_route=\/wp\/v2\/posts\/6922","targetHints":{"allow":["GET"]}}],"collection":[{"href":"https:\/\/wgphoto.pl\/t\/index.php?rest_route=\/wp\/v2\/posts"}],"about":[{"href":"https:\/\/wgphoto.pl\/t\/index.php?rest_route=\/wp\/v2\/types\/post"}],"author":[{"embeddable":true,"href":"https:\/\/wgphoto.pl\/t\/index.php?rest_route=\/wp\/v2\/users\/1"}],"replies":[{"embeddable":true,"href":"https:\/\/wgphoto.pl\/t\/index.php?rest_route=%2Fwp%2Fv2%2Fcomments&post=6922"}],"version-history":[{"count":1,"href":"https:\/\/wgphoto.pl\/t\/index.php?rest_route=\/wp\/v2\/posts\/6922\/revisions"}],"predecessor-version":[{"id":6924,"href":"https:\/\/wgphoto.pl\/t\/index.php?rest_route=\/wp\/v2\/posts\/6922\/revisions\/6924"}],"wp:featuredmedia":[{"embeddable":true,"href":"https:\/\/wgphoto.pl\/t\/index.php?rest_route=\/wp\/v2\/media\/6923"}],"wp:attachment":[{"href":"https:\/\/wgphoto.pl\/t\/index.php?rest_route=%2Fwp%2Fv2%2Fmedia&parent=6922"}],"wp:term":[{"taxonomy":"category","embeddable":true,"href":"https:\/\/wgphoto.pl\/t\/index.php?rest_route=%2Fwp%2Fv2%2Fcategories&post=6922"},{"taxonomy":"post_tag","embeddable":true,"href":"https:\/\/wgphoto.pl\/t\/index.php?rest_route=%2Fwp%2Fv2%2Ftags&post=6922"}],"curies":[{"name":"wp","href":"https:\/\/api.w.org\/{rel}","templated":true}]}}